{"id":33781,"date":"2015-05-18T17:04:58","date_gmt":"2015-05-18T14:04:58","guid":{"rendered":"http:\/\/sana.sy\/tr\/?p=33781"},"modified":"2015-05-18T17:06:08","modified_gmt":"2015-05-18T14:06:08","slug":"suriye-konusunda-ilkeli-kararli-ve-kati-bir-tutumumuz-vardir","status":"publish","type":"post","link":"https:\/\/archive.sana.sy\/tr\/?p=33781","title":{"rendered":"Suriye Konusunda \u0130lkeli, Kararl\u0131 ve Kat\u0131 Bir Tutumumuz Vard\u0131r"},"content":{"rendered":"<p>MOSKOVA \u2013 Rusya D\u0131\u015fi\u015fleri Bakan\u0131 Yard\u0131mc\u0131s\u0131 Sergey Ryabkov Moskova\u2019n\u0131n Ukrayna ve Suriye&#8217;deki krizlere siyasi \u00e7\u00f6z\u00fcm bulma kar\u015f\u0131l\u0131\u011f\u0131nda ABD ile herhangi bir jeopolitik anla\u015fmada bulunmayaca\u011f\u0131n\u0131 belirtti.<\/p>\n<p>ABD D\u0131\u015fi\u015fleri Bakan Yard\u0131mc\u0131s\u0131 Victoria Nuland ile bug\u00fcn Moskova&#8217;da bulundu\u011fu temaslar\u0131n ard\u0131ndan bas\u0131na a\u00e7\u0131klama yapan Ryabkov; Rusya&#8217;n\u0131n ABD ile kesinlikle bu temelde temaslarda bulunmad\u0131\u011f\u0131n\u0131 ifade ederken, Rusya&#8217;n\u0131n Ukrayna ve Suriye konusunda kararl\u0131, ilkeli ve kat\u0131 bir tutuma sahip oldu\u011funun alt\u0131n\u0131 \u00e7izdi. Ryabkov \u00fclkesinin s\u00f6z konusu meselelerde a\u00e7\u0131k ve net tutuma sahip oldu\u011funu, bu iki konunun pazarl\u0131k konusu olmayan sabit ve ilkeli tutum oldu\u011funu ifade etti.<\/p>\n<p>A.A. &#8211; M.M.<\/p>\n","protected":false},"excerpt":{"rendered":"<p>MOSKOVA \u2013 Rusya D\u0131\u015fi\u015fleri Bakan\u0131 Yard\u0131mc\u0131s\u0131 Sergey Ryabkov Moskova\u2019n\u0131n Ukrayna ve Suriye&#8217;deki krizlere siyasi \u00e7\u00f6z\u00fcm bulma kar\u015f\u0131l\u0131\u011f\u0131nda ABD ile herhangi bir jeopolitik anla\u015fmada bulunmayaca\u011f\u0131n\u0131 belirtti. ABD D\u0131\u015fi\u015fleri Bakan Yard\u0131mc\u0131s\u0131 Victoria Nuland ile bug\u00fcn Moskova&#8217;da bulundu\u011fu temaslar\u0131n ard\u0131ndan bas\u0131na a\u00e7\u0131klama yapan Ryabkov; Rusya&#8217;n\u0131n ABD ile kesinlikle bu temelde temaslarda bulunmad\u0131\u011f\u0131n\u0131 ifade ederken, Rusya&#8217;n\u0131n Ukrayna ve Suriye &hellip;<\/p>\n","protected":false},"author":1,"featured_media":33783,"comment_status":"closed","ping_status":"closed","sticky":false,"template":"","format":"standard","meta":{"footnotes":""},"categories":[458,459,447],"tags":[14641,14640],"class_list":["post-33781","post","type-post","status-publish","format-standard","has-post-thumbnail","","category-dunya1","category-haberler-arap-uluslararasi-politika","category-politika","tag-kararli-ve-kati-bir-tutumumuz-vardir","tag-suriye-konusunda-ilkeli"],"_links":{"self":[{"href":"https:\/\/archive.sana.sy\/tr\/index.php?rest_route=\/wp\/v2\/posts\/33781","targetHints":{"allow":["GET"]}}],"collection":[{"href":"https:\/\/archive.sana.sy\/tr\/index.php?rest_route=\/wp\/v2\/posts"}],"about":[{"href":"https:\/\/archive.sana.sy\/tr\/index.php?rest_route=\/wp\/v2\/types\/post"}],"author":[{"embeddable":true,"href":"https:\/\/archive.sana.sy\/tr\/index.php?rest_route=\/wp\/v2\/users\/1"}],"replies":[{"embeddable":true,"href":"https:\/\/archive.sana.sy\/tr\/index.php?rest_route=%2Fwp%2Fv2%2Fcomments&post=33781"}],"version-history":[{"count":0,"href":"https:\/\/archive.sana.sy\/tr\/index.php?rest_route=\/wp\/v2\/posts\/33781\/revisions"}],"wp:featuredmedia":[{"embeddable":true,"href":"https:\/\/archive.sana.sy\/tr\/index.php?rest_route=\/wp\/v2\/media\/33783"}],"wp:attachment":[{"href":"https:\/\/archive.sana.sy\/tr\/index.php?rest_route=%2Fwp%2Fv2%2Fmedia&parent=33781"}],"wp:term":[{"taxonomy":"category","embeddable":true,"href":"https:\/\/archive.sana.sy\/tr\/index.php?rest_route=%2Fwp%2Fv2%2Fcategories&post=33781"},{"taxonomy":"post_tag","embeddable":true,"href":"https:\/\/archive.sana.sy\/tr\/index.php?rest_route=%2Fwp%2Fv2%2Ftags&post=33781"}],"curies":[{"name":"wp","href":"https:\/\/api.w.org\/{rel}","templated":true}]}}