{"id":33785,"date":"2015-05-18T21:04:10","date_gmt":"2015-05-18T18:04:10","guid":{"rendered":"http:\/\/sana.sy\/tr\/?p=33785"},"modified":"2015-05-19T16:13:12","modified_gmt":"2015-05-19T13:13:12","slug":"33785","status":"publish","type":"post","link":"https:\/\/archive.sana.sy\/tr\/?p=33785","title":{"rendered":"Planlar\u0131n \u00d6nceli\u011finde Ekonomik Ko\u015fullar ve \u0130htiya\u00e7lar Temel Al\u0131nmal\u0131d\u0131r"},"content":{"rendered":"<p>\u015eAM \u2013 Cumhurba\u015fkan\u0131 Be\u015f\u015far el Esad bug\u00fcn \u0130ran ba\u015fkan\u0131 birinci yard\u0131mc\u0131s\u0131n\u0131n m\u00fcste\u015far\u0131 ve Suriye \u0130ran ekonomik ili\u015fkileri geli\u015ftirme komitesi ba\u015fkan\u0131 R\u00fcstem Kasimi ve ona e\u015flik eden heyeti kabul etti.<\/p>\n<p>Suriye ve \u0130ran aras\u0131ndaki ekonomik ili\u015fkilerin geli\u015ftirilmesi y\u00f6n\u00fcndeki son \u00e7abalar\u0131n ele al\u0131nd\u0131\u011f\u0131 g\u00f6r\u00fc\u015fmede; ikili ekonomik, ticari ve yat\u0131r\u0131m ili\u015fkilerini peki\u015ftirme amac\u0131yla at\u0131lmakta olan ad\u0131mlar de\u011ferlendirildi. \u0130ki taraf iki \u00fclke aras\u0131ndaki ili\u015fkilerin muhtelif alanlarda geni\u015fletilip derinle\u015ftirilmesi \u00f6nemini ifade etti.<\/p>\n<p><a href=\"http:\/\/sana.sy\/tr\/wp-content\/uploads\/2015\/05\/Planlar\u0131n-\u00d6nceli\u011finde-Ekonomik-Ko\u015fullar-ve-\u0130htiya\u00e7lar-Temel-Al\u0131nmal\u0131d\u0131r-2.jpg\"><img loading=\"lazy\" decoding=\"async\" class=\"alignright wp-image-33789 size-medium\" src=\"http:\/\/sana.sy\/tr\/wp-content\/uploads\/2015\/05\/Planlar\u0131n-\u00d6nceli\u011finde-Ekonomik-Ko\u015fullar-ve-\u0130htiya\u00e7lar-Temel-Al\u0131nmal\u0131d\u0131r-2-300x122.jpg\" alt=\"Planlar\u0131n \u00d6nceli\u011finde Ekonomik Ko\u015fullar ve \u0130htiya\u00e7lar Temel Al\u0131nmal\u0131d\u0131r 2\" width=\"300\" height=\"122\" srcset=\"https:\/\/archive.sana.sy\/tr\/wp-content\/uploads\/2015\/05\/Planlar\u0131n-\u00d6nceli\u011finde-Ekonomik-Ko\u015fullar-ve-\u0130htiya\u00e7lar-Temel-Al\u0131nmal\u0131d\u0131r-2-300x122.jpg 300w, https:\/\/archive.sana.sy\/tr\/wp-content\/uploads\/2015\/05\/Planlar\u0131n-\u00d6nceli\u011finde-Ekonomik-Ko\u015fullar-ve-\u0130htiya\u00e7lar-Temel-Al\u0131nmal\u0131d\u0131r-2-150x61.jpg 150w, https:\/\/archive.sana.sy\/tr\/wp-content\/uploads\/2015\/05\/Planlar\u0131n-\u00d6nceli\u011finde-Ekonomik-Ko\u015fullar-ve-\u0130htiya\u00e7lar-Temel-Al\u0131nmal\u0131d\u0131r-2.jpg 960w\" sizes=\"auto, (max-width: 300px) 100vw, 300px\" \/><\/a>Konuk heyet ba\u015fkan\u0131 Kasimi; Suriye ve halk\u0131n\u0131n g\u00fc\u00e7lenmesine katk\u0131 sa\u011flamada \u00fclkesinin hi\u00e7bir \u00e7abay\u0131 esirgemeyece\u011fini s\u00f6ylerken iki \u00fclke h\u00fck\u00fcmetleri aras\u0131nda bu y\u00f6nde daimi bir koordinasyonun bulundu\u011funu s\u00f6yledi.<\/p>\n<p>Cumhurba\u015fkan\u0131 el Esad ise iki \u00fclke aras\u0131nda mevcut anla\u015fmalar kapsam\u0131ndaki ortak yat\u0131r\u0131m ve ekonomik planlar\u0131n hayata ge\u00e7irilmesi ve tamamlanmas\u0131nda uzman ve teknik komitelerin rollerine vurgu yapt\u0131. El Esad iki \u00fclke halklar\u0131n\u0131n \u00e7\u0131karlar\u0131n\u0131 peki\u015ftirecek s\u00f6z konusu bu planlar\u0131n hayata ge\u00e7irilmesi \u00f6nceli\u011finde iki \u00fclkedeki ekonomik ko\u015fullar ve gereksinimlerin temel al\u0131nmas\u0131 \u00f6nemini belirtti.<\/p>\n<p>G\u00f6r\u00fc\u015fmeye Maliye Bakan\u0131 \u0130smail \u0130smail, Ekonomi ve D\u0131\u015f Ticaret Bakan\u0131 H\u00fcmam el Cezairi, Bakanlar Konseyi genel Sekreteri Teysir el Zoubi ve iki \u00fclkenin b\u00fcy\u00fckel\u00e7ileri kat\u0131ld\u0131.<\/p>\n<p>A.A. &#8211; M.M.<\/p>\n","protected":false},"excerpt":{"rendered":"<p>\u015eAM \u2013 Cumhurba\u015fkan\u0131 Be\u015f\u015far el Esad bug\u00fcn \u0130ran ba\u015fkan\u0131 birinci yard\u0131mc\u0131s\u0131n\u0131n m\u00fcste\u015far\u0131 ve Suriye \u0130ran ekonomik ili\u015fkileri geli\u015ftirme komitesi ba\u015fkan\u0131 R\u00fcstem Kasimi ve ona e\u015flik eden heyeti kabul etti. Suriye ve \u0130ran aras\u0131ndaki ekonomik ili\u015fkilerin geli\u015ftirilmesi y\u00f6n\u00fcndeki son \u00e7abalar\u0131n ele al\u0131nd\u0131\u011f\u0131 g\u00f6r\u00fc\u015fmede; ikili ekonomik, ticari ve yat\u0131r\u0131m ili\u015fkilerini peki\u015ftirme amac\u0131yla at\u0131lmakta olan ad\u0131mlar de\u011ferlendirildi. \u0130ki &hellip;<\/p>\n","protected":false},"author":1,"featured_media":33791,"comment_status":"closed","ping_status":"closed","sticky":false,"template":"","format":"standard","meta":{"footnotes":""},"categories":[608,479,605,478],"tags":[14642],"class_list":["post-33785","post","type-post","status-publish","format-standard","has-post-thumbnail","","category-etkinlikler","category-haberler-yerel","category-sayin-cumhurbaskani","category-yerel","tag-planlarin-onceliginde-ekonomik-kosullar-ve-ihtiyaclar-temel-alinmalidir"],"_links":{"self":[{"href":"https:\/\/archive.sana.sy\/tr\/index.php?rest_route=\/wp\/v2\/posts\/33785","targetHints":{"allow":["GET"]}}],"collection":[{"href":"https:\/\/archive.sana.sy\/tr\/index.php?rest_route=\/wp\/v2\/posts"}],"about":[{"href":"https:\/\/archive.sana.sy\/tr\/index.php?rest_route=\/wp\/v2\/types\/post"}],"author":[{"embeddable":true,"href":"https:\/\/archive.sana.sy\/tr\/index.php?rest_route=\/wp\/v2\/users\/1"}],"replies":[{"embeddable":true,"href":"https:\/\/archive.sana.sy\/tr\/index.php?rest_route=%2Fwp%2Fv2%2Fcomments&post=33785"}],"version-history":[{"count":0,"href":"https:\/\/archive.sana.sy\/tr\/index.php?rest_route=\/wp\/v2\/posts\/33785\/revisions"}],"wp:featuredmedia":[{"embeddable":true,"href":"https:\/\/archive.sana.sy\/tr\/index.php?rest_route=\/wp\/v2\/media\/33791"}],"wp:attachment":[{"href":"https:\/\/archive.sana.sy\/tr\/index.php?rest_route=%2Fwp%2Fv2%2Fmedia&parent=33785"}],"wp:term":[{"taxonomy":"category","embeddable":true,"href":"https:\/\/archive.sana.sy\/tr\/index.php?rest_route=%2Fwp%2Fv2%2Fcategories&post=33785"},{"taxonomy":"post_tag","embeddable":true,"href":"https:\/\/archive.sana.sy\/tr\/index.php?rest_route=%2Fwp%2Fv2%2Ftags&post=33785"}],"curies":[{"name":"wp","href":"https:\/\/api.w.org\/{rel}","templated":true}]}}