{"id":3380,"date":"2014-06-18T15:39:08","date_gmt":"2014-06-18T12:39:08","guid":{"rendered":"http:\/\/sanasyria.org\/tr\/?p=3380"},"modified":"2014-06-18T16:07:59","modified_gmt":"2014-06-18T13:07:59","slug":"etkinlik-guzel-ve-huzurlu-gunlerin-gelecegi-inancini-pekistiriyor","status":"publish","type":"post","link":"https:\/\/archive.sana.sy\/tr\/?p=3380","title":{"rendered":"Etkinlik G\u00fczel ve Huzurlu G\u00fcnlerin Gelece\u011fi \u0130nanc\u0131n\u0131 Peki\u015ftiriyor"},"content":{"rendered":"<p><span style=\"color: #800000\">\u015eAM \u2013<\/span> Enformasyon Bakanl\u0131\u011f\u0131 ve Arap Reklam Kurumu i\u015fbirli\u011fi i\u00e7erisinde, Cumhurba\u015fkan\u0131 Be\u015f\u015far el Esad\u2019\u0131n yeniden cumhurba\u015fkan\u0131 se\u00e7ilmesi m\u00fcnasebetiyle \u201cSuriye \u0130\u00e7in Hep Beraberiz\u201d ba\u015fl\u0131kl\u0131 bir etkinlik d\u00fczenlediler.<\/p>\n<p>Sheraton Oteli Amfisinde d\u00fczenlenen etkinlik iki g\u00fcn s\u00fcresince ekonomi, hizmet, e\u011fitim-\u00f6\u011fretim alanlar\u0131n\u0131n \u00f6zel ve kamu sekt\u00f6rleri temsilcilerini a\u011f\u0131rlayacak.<\/p>\n<p>\u015eehit resimleri ve vatan bayraklar\u0131ndan olu\u015fan bir slayt g\u00f6sterimi ba\u015flayan a\u00e7\u0131l\u0131\u015f t\u00f6reninde; Enformasyon Bakan\u0131 Omran el Zoubi; etkinli\u011fin, b\u00fct\u00fcn d\u00fcnyaya ve vatan evlatlar\u0131na Suriye\u2019nin g\u00fczel ve huzurlu g\u00fcnlere kavu\u015faca\u011f\u0131 inanc\u0131n\u0131 g\u00fc\u00e7lendirmeyi ama\u00e7lad\u0131\u011f\u0131na i\u015faret etti.<\/p>\n<p>Etkinlik kapsam\u0131nda d\u00fczenlenen sunumlar ve sergilerin Suriye\u2019nin Arapl\u0131\u011f\u0131n ya\u011fmuru ve r\u00fczgar\u0131 oldu\u011funa ili\u015fkin net ve a\u00e7\u0131k bir mesaj te\u015fkil etti\u011fine de\u011finen Zoubi; d\u00fcnyada hi\u00e7bir g\u00fc\u00e7 ya da kimsenin Suriye\u2019yi kahredemeyece\u011fini ve boyun e\u011fdiremeyece\u011fini vurgulad\u0131.<\/p>\n<p>Zoubi ayr\u0131ca etkinli\u011fe bir\u00e7ok medya, ekonomi, sanat, banka ve sigorta kurumunun kat\u0131lmas\u0131n\u0131n b\u00fct\u00fcn d\u00fcnyaya y\u00f6neltilmi\u015f bir vatanseverlik mesaj\u0131 te\u015fkil etti\u011fini vurgulad\u0131.<\/p>\n<p><a href=\"http:\/\/sanasyria.org\/tr\/wp-content\/uploads\/2014\/06\/enformasyon-5.jpg\"><img loading=\"lazy\" decoding=\"async\" class=\"alignnone size-medium wp-image-3385\" src=\"http:\/\/sanasyria.org\/tr\/wp-content\/uploads\/2014\/06\/enformasyon-5-300x159.jpg\" alt=\"enformasyon 5\" width=\"300\" height=\"159\" srcset=\"https:\/\/archive.sana.sy\/tr\/wp-content\/uploads\/2014\/06\/enformasyon-5-300x160.jpg 300w, https:\/\/archive.sana.sy\/tr\/wp-content\/uploads\/2014\/06\/enformasyon-5-150x79.jpg 150w, https:\/\/archive.sana.sy\/tr\/wp-content\/uploads\/2014\/06\/enformasyon-5.jpg 620w\" sizes=\"auto, (max-width: 300px) 100vw, 300px\" \/><\/a> <a href=\"http:\/\/sanasyria.org\/tr\/wp-content\/uploads\/2014\/06\/enformasyon-4.jpg\"><img loading=\"lazy\" decoding=\"async\" class=\"alignnone size-medium wp-image-3384\" src=\"http:\/\/sanasyria.org\/tr\/wp-content\/uploads\/2014\/06\/enformasyon-4-300x159.jpg\" alt=\"enformasyon 4\" width=\"300\" height=\"159\" srcset=\"https:\/\/archive.sana.sy\/tr\/wp-content\/uploads\/2014\/06\/enformasyon-4-300x160.jpg 300w, https:\/\/archive.sana.sy\/tr\/wp-content\/uploads\/2014\/06\/enformasyon-4-150x79.jpg 150w, https:\/\/archive.sana.sy\/tr\/wp-content\/uploads\/2014\/06\/enformasyon-4.jpg 620w\" sizes=\"auto, (max-width: 300px) 100vw, 300px\" \/><\/a> <a href=\"http:\/\/sanasyria.org\/tr\/wp-content\/uploads\/2014\/06\/enformasyon-3.jpg\"><img loading=\"lazy\" decoding=\"async\" class=\"alignnone size-medium wp-image-3383\" src=\"http:\/\/sanasyria.org\/tr\/wp-content\/uploads\/2014\/06\/enformasyon-3-300x159.jpg\" alt=\"enformasyon 3\" width=\"300\" height=\"159\" srcset=\"https:\/\/archive.sana.sy\/tr\/wp-content\/uploads\/2014\/06\/enformasyon-3-300x160.jpg 300w, https:\/\/archive.sana.sy\/tr\/wp-content\/uploads\/2014\/06\/enformasyon-3-150x79.jpg 150w, https:\/\/archive.sana.sy\/tr\/wp-content\/uploads\/2014\/06\/enformasyon-3.jpg 620w\" sizes=\"auto, (max-width: 300px) 100vw, 300px\" \/><\/a> <a href=\"http:\/\/sanasyria.org\/tr\/wp-content\/uploads\/2014\/06\/enformasyon-1.jpg\"><img loading=\"lazy\" decoding=\"async\" class=\"alignnone size-medium wp-image-3381\" src=\"http:\/\/sanasyria.org\/tr\/wp-content\/uploads\/2014\/06\/enformasyon-1-300x159.jpg\" alt=\"enformasyon 1\" width=\"300\" height=\"159\" srcset=\"https:\/\/archive.sana.sy\/tr\/wp-content\/uploads\/2014\/06\/enformasyon-1-300x160.jpg 300w, https:\/\/archive.sana.sy\/tr\/wp-content\/uploads\/2014\/06\/enformasyon-1-150x79.jpg 150w, https:\/\/archive.sana.sy\/tr\/wp-content\/uploads\/2014\/06\/enformasyon-1.jpg 620w\" sizes=\"auto, (max-width: 300px) 100vw, 300px\" \/><\/a> <a href=\"http:\/\/sanasyria.org\/tr\/wp-content\/uploads\/2014\/06\/enformasyon-2.jpg\"><img loading=\"lazy\" decoding=\"async\" class=\"alignnone size-medium wp-image-3382\" src=\"http:\/\/sanasyria.org\/tr\/wp-content\/uploads\/2014\/06\/enformasyon-2-300x159.jpg\" alt=\"enformasyon 2\" width=\"300\" height=\"159\" srcset=\"https:\/\/archive.sana.sy\/tr\/wp-content\/uploads\/2014\/06\/enformasyon-2-300x160.jpg 300w, https:\/\/archive.sana.sy\/tr\/wp-content\/uploads\/2014\/06\/enformasyon-2-150x79.jpg 150w, https:\/\/archive.sana.sy\/tr\/wp-content\/uploads\/2014\/06\/enformasyon-2.jpg 620w\" sizes=\"auto, (max-width: 300px) 100vw, 300px\" \/><\/a><\/p>\n<p>&nbsp;<\/p>\n","protected":false},"excerpt":{"rendered":"<p>\u015eAM \u2013 Enformasyon Bakanl\u0131\u011f\u0131 ve Arap Reklam Kurumu i\u015fbirli\u011fi i\u00e7erisinde, Cumhurba\u015fkan\u0131 Be\u015f\u015far el Esad\u2019\u0131n yeniden cumhurba\u015fkan\u0131 se\u00e7ilmesi m\u00fcnasebetiyle \u201cSuriye \u0130\u00e7in Hep Beraberiz\u201d ba\u015fl\u0131kl\u0131 bir etkinlik d\u00fczenlediler. Sheraton Oteli Amfisinde d\u00fczenlenen etkinlik iki g\u00fcn s\u00fcresince ekonomi, hizmet, e\u011fitim-\u00f6\u011fretim alanlar\u0131n\u0131n \u00f6zel ve kamu sekt\u00f6rleri temsilcilerini a\u011f\u0131rlayacak. \u015eehit resimleri ve vatan bayraklar\u0131ndan olu\u015fan bir slayt g\u00f6sterimi ba\u015flayan a\u00e7\u0131l\u0131\u015f &hellip;<\/p>\n","protected":false},"author":1,"featured_media":3386,"comment_status":"closed","ping_status":"closed","sticky":false,"template":"","format":"standard","meta":{"footnotes":""},"categories":[596,516,479,511,478],"tags":[740],"class_list":["post-3380","post","type-post","status-publish","format-standard","has-post-thumbnail","","category-fotografli-raporlar","category-haberler-kultur-ve-sanat","category-haberler-yerel","category-kultur-ve-sanat","category-yerel","tag-etkinlik-guzel-ve-huzurlu-gunlerin-gelecegi-inancini-pekistiriyor"],"_links":{"self":[{"href":"https:\/\/archive.sana.sy\/tr\/index.php?rest_route=\/wp\/v2\/posts\/3380","targetHints":{"allow":["GET"]}}],"collection":[{"href":"https:\/\/archive.sana.sy\/tr\/index.php?rest_route=\/wp\/v2\/posts"}],"about":[{"href":"https:\/\/archive.sana.sy\/tr\/index.php?rest_route=\/wp\/v2\/types\/post"}],"author":[{"embeddable":true,"href":"https:\/\/archive.sana.sy\/tr\/index.php?rest_route=\/wp\/v2\/users\/1"}],"replies":[{"embeddable":true,"href":"https:\/\/archive.sana.sy\/tr\/index.php?rest_route=%2Fwp%2Fv2%2Fcomments&post=3380"}],"version-history":[{"count":0,"href":"https:\/\/archive.sana.sy\/tr\/index.php?rest_route=\/wp\/v2\/posts\/3380\/revisions"}],"wp:featuredmedia":[{"embeddable":true,"href":"https:\/\/archive.sana.sy\/tr\/index.php?rest_route=\/wp\/v2\/media\/3386"}],"wp:attachment":[{"href":"https:\/\/archive.sana.sy\/tr\/index.php?rest_route=%2Fwp%2Fv2%2Fmedia&parent=3380"}],"wp:term":[{"taxonomy":"category","embeddable":true,"href":"https:\/\/archive.sana.sy\/tr\/index.php?rest_route=%2Fwp%2Fv2%2Fcategories&post=3380"},{"taxonomy":"post_tag","embeddable":true,"href":"https:\/\/archive.sana.sy\/tr\/index.php?rest_route=%2Fwp%2Fv2%2Ftags&post=3380"}],"curies":[{"name":"wp","href":"https:\/\/api.w.org\/{rel}","templated":true}]}}