{"id":33809,"date":"2015-05-19T10:15:56","date_gmt":"2015-05-19T07:15:56","guid":{"rendered":"http:\/\/sana.sy\/tr\/?p=33809"},"modified":"2015-05-19T10:15:56","modified_gmt":"2015-05-19T07:15:56","slug":"cumhurbaskani-bessar-el-esad-iran-baskani-birinci-yardimcisinin-mustesari-ve-suriye-iran-ekonomik-iliskileri-gelistirme-komitesi-baskani-rustem-kasimi-ve-ona-eslik-eden-heyeti-kabul-ediyor","status":"publish","type":"post","link":"https:\/\/archive.sana.sy\/tr\/?p=33809","title":{"rendered":"Cumhurba\u015fkan\u0131 Be\u015f\u015far EL Esad \u0130ran Ba\u015fkan\u0131 Birinci Yard\u0131mc\u0131s\u0131n\u0131n M\u00fcste\u015far\u0131 Ve Suriye \u0130ran Ekonomik \u0130li\u015fkileri Geli\u015ftirme Komitesi Ba\u015fkan\u0131 R\u00fcstem Kasimi ve Ona E\u015flik Eden Heyeti Kabul Ediyor"},"content":{"rendered":"<p>Cumhurba\u015fkan\u0131 Be\u015f\u015far EL Esad \u0130ran Ba\u015fkan\u0131 Birinci Yard\u0131mc\u0131s\u0131n\u0131n M\u00fcste\u015far\u0131 Ve Suriye \u0130ran Ekonomik \u0130li\u015fkileri Geli\u015ftirme Komitesi Ba\u015fkan\u0131 R\u00fcstem Kasimi ve Ona E\u015flik Eden Heyeti Kabul Ediyor<\/p>\n<div id='gallery-1' class='gallery galleryid-33809 gallery-columns-2 gallery-size-medium'><figure class='gallery-item'>\n\t\t\t<div class='gallery-icon landscape'>\n\t\t\t\t<a href='https:\/\/archive.sana.sy\/tr\/wp-content\/uploads\/2015\/05\/a.jpg'><img loading=\"lazy\" decoding=\"async\" width=\"300\" height=\"170\" src=\"https:\/\/archive.sana.sy\/tr\/wp-content\/uploads\/2015\/05\/a-300x170.jpg\" class=\"attachment-medium size-medium\" alt=\"\" srcset=\"https:\/\/archive.sana.sy\/tr\/wp-content\/uploads\/2015\/05\/a-300x170.jpg 300w, https:\/\/archive.sana.sy\/tr\/wp-content\/uploads\/2015\/05\/a-150x85.jpg 150w, https:\/\/archive.sana.sy\/tr\/wp-content\/uploads\/2015\/05\/a.jpg 1000w\" sizes=\"auto, (max-width: 300px) 100vw, 300px\" \/><\/a>\n\t\t\t<\/div><\/figure><figure class='gallery-item'>\n\t\t\t<div class='gallery-icon landscape'>\n\t\t\t\t<a href='https:\/\/archive.sana.sy\/tr\/wp-content\/uploads\/2015\/05\/b.jpg'><img loading=\"lazy\" decoding=\"async\" width=\"300\" height=\"122\" src=\"https:\/\/archive.sana.sy\/tr\/wp-content\/uploads\/2015\/05\/b-300x122.jpg\" class=\"attachment-medium size-medium\" alt=\"\" srcset=\"https:\/\/archive.sana.sy\/tr\/wp-content\/uploads\/2015\/05\/b-300x122.jpg 300w, https:\/\/archive.sana.sy\/tr\/wp-content\/uploads\/2015\/05\/b-150x61.jpg 150w, https:\/\/archive.sana.sy\/tr\/wp-content\/uploads\/2015\/05\/b.jpg 1000w\" sizes=\"auto, (max-width: 300px) 100vw, 300px\" \/><\/a>\n\t\t\t<\/div><\/figure>\n\t\t<\/div>\n\n<p>R.H.<\/p>\n","protected":false},"excerpt":{"rendered":"<p>Cumhurba\u015fkan\u0131 Be\u015f\u015far EL Esad \u0130ran Ba\u015fkan\u0131 Birinci Yard\u0131mc\u0131s\u0131n\u0131n M\u00fcste\u015far\u0131 Ve Suriye \u0130ran Ekonomik \u0130li\u015fkileri Geli\u015ftirme Komitesi Ba\u015fkan\u0131 R\u00fcstem Kasimi ve Ona E\u015flik Eden Heyeti Kabul Ediyor R.H.<\/p>\n","protected":false},"author":1,"featured_media":33813,"comment_status":"closed","ping_status":"closed","sticky":false,"template":"","format":"standard","meta":{"footnotes":""},"categories":[6459],"tags":[14653],"class_list":["post-33809","post","type-post","status-publish","format-standard","has-post-thumbnail","","category-sana-fotolarl","tag-cumhurbaskani-bessar-el-esad-iran-baskani-birinci-yardimcisinin-mustesari-ve-suriye-iran-ekonomik-iliskileri-gelistirme-komitesi-baskani-rustem-kasimi-ve-ona-eslik-eden-heyeti-kabul-ediyor"],"_links":{"self":[{"href":"https:\/\/archive.sana.sy\/tr\/index.php?rest_route=\/wp\/v2\/posts\/33809","targetHints":{"allow":["GET"]}}],"collection":[{"href":"https:\/\/archive.sana.sy\/tr\/index.php?rest_route=\/wp\/v2\/posts"}],"about":[{"href":"https:\/\/archive.sana.sy\/tr\/index.php?rest_route=\/wp\/v2\/types\/post"}],"author":[{"embeddable":true,"href":"https:\/\/archive.sana.sy\/tr\/index.php?rest_route=\/wp\/v2\/users\/1"}],"replies":[{"embeddable":true,"href":"https:\/\/archive.sana.sy\/tr\/index.php?rest_route=%2Fwp%2Fv2%2Fcomments&post=33809"}],"version-history":[{"count":0,"href":"https:\/\/archive.sana.sy\/tr\/index.php?rest_route=\/wp\/v2\/posts\/33809\/revisions"}],"wp:featuredmedia":[{"embeddable":true,"href":"https:\/\/archive.sana.sy\/tr\/index.php?rest_route=\/wp\/v2\/media\/33813"}],"wp:attachment":[{"href":"https:\/\/archive.sana.sy\/tr\/index.php?rest_route=%2Fwp%2Fv2%2Fmedia&parent=33809"}],"wp:term":[{"taxonomy":"category","embeddable":true,"href":"https:\/\/archive.sana.sy\/tr\/index.php?rest_route=%2Fwp%2Fv2%2Fcategories&post=33809"},{"taxonomy":"post_tag","embeddable":true,"href":"https:\/\/archive.sana.sy\/tr\/index.php?rest_route=%2Fwp%2Fv2%2Ftags&post=33809"}],"curies":[{"name":"wp","href":"https:\/\/api.w.org\/{rel}","templated":true}]}}