{"id":3388,"date":"2014-06-18T16:07:36","date_gmt":"2014-06-18T13:07:36","guid":{"rendered":"http:\/\/sanasyria.org\/tr\/?p=3388"},"modified":"2014-06-19T15:29:47","modified_gmt":"2014-06-19T12:29:47","slug":"temel-garanti-halklarin-omuz-omuza-kenetlenmeleridir","status":"publish","type":"post","link":"https:\/\/archive.sana.sy\/tr\/?p=3388","title":{"rendered":"Temel Garanti Halklar\u0131n Omuz Omuza Kenetlenmeleridir"},"content":{"rendered":"<p><span style=\"color: #800000\">\u015eAM \u2013<\/span> Cumhurba\u015fkan\u0131 Be\u015f\u015far el Esad bug\u00fcn Demokratik Kore Halk Cumhuriyeti D\u0131\u015fi\u015fleri Bakan\u0131 Ri Su Yong ve ona e\u015flik eden heyeti kabul etti.<\/p>\n<p>Suriye ve Demokratik Kore aras\u0131ndaki ikili ili\u015fkilerin muhtelif alanlarda geli\u015ftirilmesi olanaklar\u0131n\u0131n ele al\u0131nd\u0131\u011f\u0131 g\u00f6r\u00fc\u015fmede ekonomik kalk\u0131nma ve yeniden yap\u0131land\u0131rma alanlar\u0131na odaklan\u0131ld\u0131.<\/p>\n<p>Demokratik Kore D\u0131\u015fi\u015fleri Bakan\u0131 Suriye halk\u0131n\u0131n ter\u00f6re kar\u015f\u0131 sa\u011flad\u0131\u011f\u0131 b\u00fcy\u00fck zaferler ve geni\u015f bir kat\u0131l\u0131mla cumhurba\u015fkanl\u0131\u011f\u0131 se\u00e7imlerini ba\u015farmas\u0131n\u0131n Suriye&#8217;yi devlet ve halk olarak hedef alan, \u00fclkeyi b\u00f6lme ve b\u00f6lgesel rol\u00fcn\u00fc sabote etmeyi ama\u00e7layan g\u00fc\u00e7lere b\u00fcy\u00fck bir darbe indirdi\u011fini s\u00f6yledi.<\/p>\n<p>Konuk bakan d\u00fcnya halklar\u0131n\u0131n b\u00fcy\u00fck \u00e7o\u011funlu\u011funun Suriye ve halk\u0131n\u0131n m\u00fccadelesini destekledi\u011fine dikkat \u00e7ekerek, Suriye&#8217;nin maruz kald\u0131\u011f\u0131 \u00e7okuluslu muhtelif y\u00f6nl\u00fc sava\u015fa kar\u015f\u0131 Suriye ve halk\u0131n\u0131 desteklediklerini belirtti. Fakat bu halklar\u0131n ba\u015fta ABD olmak \u00fczere d\u00fcnyan\u0131n emperyalist ve despot g\u00fc\u00e7leri taraf\u0131ndan maruz kald\u0131klar\u0131 bask\u0131lar nedeniyle g\u00f6r\u00fc\u015f, d\u00fc\u015f\u00fcnce ve dayan\u0131\u015fmalar\u0131n\u0131 ifade edemediklerini belirtti.<\/p>\n<p>G\u00f6r\u00fc\u015fmede Cumhurba\u015fkan\u0131 el Esad Bat\u0131l\u0131 devletlerin hegemonyas\u0131 ve iradesi d\u0131\u015f\u0131ndaki devletleri kendi hegemonyas\u0131 ve kontrol\u00fcne almak i\u00e7in muhtelif y\u00f6nl\u00fc \u00e7abalar y\u00fcr\u00fctt\u00fc\u011f\u00fcne dikkat \u00e7ekerek bu devletleri par\u00e7alamaya ve zay\u0131flatmaya \u00e7al\u0131\u015ft\u0131klar\u0131n\u0131 belirtti. El Esad Bat\u0131n\u0131n daha \u00f6nce kendi planlar\u0131n\u0131 hayata ge\u00e7irmek i\u00e7in i\u015fbirlik\u00e7i ve ta\u015feron h\u00fck\u00fcmetlere dayand\u0131\u011f\u0131na i\u015faret ederek, g\u00fcn\u00fcm\u00fczde ise ter\u00f6r \u00e7etelerinin bu rol\u00fc \u00fcstlendiklerine dikkat \u00e7ekti. El Esad fakat halklar\u0131n kendi vatanlar\u0131n\u0131 ve egemenli\u011fini savunmak i\u00e7in omuz omuza el ele olmalar\u0131n\u0131n bu vatanlar\u0131n korunmas\u0131n\u0131n temel garantisi oldu\u011funun alt\u0131n\u0131 \u00e7izdi.<br \/>\nSuriye ve b\u00f6lgede ter\u00f6r ve radikalli\u011fi destekleyen Bat\u0131l\u0131 ve di\u011fer devletlerin ge\u00e7mi\u015f olaylar ve deneyimlerden ders almalar\u0131 gerekti\u011fine vurgu yapan el Esad; ter\u00f6r ve radikalli\u011fin yol a\u00e7aca\u011f\u0131 tehlikenin t\u00fcm b\u00f6lge devletlerinin yan\u0131 s\u0131ra b\u00f6lge s\u0131n\u0131rlar\u0131n\u0131 a\u015faca\u011f\u0131n\u0131 idrak etmeleri \u00f6neminin alt\u0131n\u0131 \u00e7izdi. El Esad ter\u00f6r ve radikalli\u011fin \u00f6zellikle onlar\u0131 destekleyen ve kucaklayan devletlere kar\u015f\u0131 tehlikelerine dikkat \u00e7ekti.<\/p>\n<p>G\u00f6r\u00fc\u015fmeye Ba\u015fbakan Yard\u0131mc\u0131s\u0131 D\u0131\u015fi\u015fleri ve Gurbet\u00e7iler Bakan\u0131 Velid el Muallim; D\u0131\u015fi\u015fleri ve Gurbet\u00e7iler Bakan\u0131 Yard\u0131mc\u0131s\u0131 Faysal Mikdat, D\u0131\u015fi\u015fleri ve Guebet\u00e7iler Bakanl\u0131\u011f\u0131nda Asya Departman\u0131 M\u00fcd\u00fcr\u00fc Nadiya Assaf ve Demokratik Kore\u2019nin \u015eam b\u00fcy\u00fckel\u00e7isi kat\u0131ld\u0131lar.<\/p>\n<p><span style=\"color: #0000ff\">Muallim Konuk Bakanla G\u00f6r\u00fc\u015ft\u00fc<\/span><\/p>\n<p>\u00d6te yandan Ba\u015fbakan Yard\u0131mc\u0131s\u0131 D\u0131\u015fi\u015fleri ve Gurbet\u00e7iler Bakan\u0131 Muallim konuk bakan ile bir araya gelerek uluslar aras\u0131 platformlarda iki \u00fclke aras\u0131ndaki korodinasyonu peki\u015ftirme yollar\u0131n\u0131 masaya yat\u0131rd\u0131.<\/p>\n<p>G\u00f6r\u00fc\u015fmede Muallim Suriye&#8217;deki son geli\u015fmelere ili\u015fkin brifing takdim ederken, Bat\u0131l\u0131 devletler ve kimi b\u00f6lge devletleri taraf\u0131ndan desteklenen \u00e7okuluslu ter\u00f6r eylemleri ve bu ter\u00f6rle m\u00fccadelede sa\u011flanan ba\u015far\u0131lar hakk\u0131nda bilgi verdi.<\/p>\n<p>G\u00f6r\u00fc\u015fmede konuk bakan \u00fclkesinin devlet ve halk olarak Suriye&#8217;ye deste\u011fini yineledi.<\/p>\n<p><a href=\"http:\/\/sanasyria.org\/tr\/wp-content\/uploads\/2014\/06\/esad-3.jpg\"><img loading=\"lazy\" decoding=\"async\" class=\"aligncenter wp-image-3389 size-full\" src=\"http:\/\/sanasyria.org\/tr\/wp-content\/uploads\/2014\/06\/esad-3.jpg\" alt=\"esad 3\" width=\"620\" height=\"330\" srcset=\"https:\/\/archive.sana.sy\/tr\/wp-content\/uploads\/2014\/06\/esad-3.jpg 620w, https:\/\/archive.sana.sy\/tr\/wp-content\/uploads\/2014\/06\/esad-3-150x79.jpg 150w, https:\/\/archive.sana.sy\/tr\/wp-content\/uploads\/2014\/06\/esad-3-300x160.jpg 300w\" sizes=\"auto, (max-width: 620px) 100vw, 620px\" \/><\/a><\/p>\n<p><a href=\"http:\/\/sanasyria.org\/tr\/wp-content\/uploads\/2014\/06\/Esad-1.jpg\"><img loading=\"lazy\" decoding=\"async\" class=\"aligncenter wp-image-3391 size-full\" src=\"http:\/\/sanasyria.org\/tr\/wp-content\/uploads\/2014\/06\/Esad-1.jpg\" alt=\"Esad 1\" width=\"620\" height=\"330\" srcset=\"https:\/\/archive.sana.sy\/tr\/wp-content\/uploads\/2014\/06\/Esad-1.jpg 620w, https:\/\/archive.sana.sy\/tr\/wp-content\/uploads\/2014\/06\/Esad-1-150x79.jpg 150w, https:\/\/archive.sana.sy\/tr\/wp-content\/uploads\/2014\/06\/Esad-1-300x160.jpg 300w\" sizes=\"auto, (max-width: 620px) 100vw, 620px\" \/><\/a><\/p>\n<p>&nbsp;<\/p>\n","protected":false},"excerpt":{"rendered":"<p>\u015eAM \u2013 Cumhurba\u015fkan\u0131 Be\u015f\u015far el Esad bug\u00fcn Demokratik Kore Halk Cumhuriyeti D\u0131\u015fi\u015fleri Bakan\u0131 Ri Su Yong ve ona e\u015flik eden heyeti kabul etti. Suriye ve Demokratik Kore aras\u0131ndaki ikili ili\u015fkilerin muhtelif alanlarda geli\u015ftirilmesi olanaklar\u0131n\u0131n ele al\u0131nd\u0131\u011f\u0131 g\u00f6r\u00fc\u015fmede ekonomik kalk\u0131nma ve yeniden yap\u0131land\u0131rma alanlar\u0131na odaklan\u0131ld\u0131. Demokratik Kore D\u0131\u015fi\u015fleri Bakan\u0131 Suriye halk\u0131n\u0131n ter\u00f6re kar\u015f\u0131 sa\u011flad\u0131\u011f\u0131 b\u00fcy\u00fck zaferler &hellip;<\/p>\n","protected":false},"author":1,"featured_media":3390,"comment_status":"closed","ping_status":"closed","sticky":false,"template":"","format":"standard","meta":{"footnotes":""},"categories":[608,479,447,605,478],"tags":[741],"class_list":["post-3388","post","type-post","status-publish","format-standard","has-post-thumbnail","","category-etkinlikler","category-haberler-yerel","category-politika","category-sayin-cumhurbaskani","category-yerel","tag-temel-garanti-halklarin-omuz-omuza-kenetlenmeleridir"],"_links":{"self":[{"href":"https:\/\/archive.sana.sy\/tr\/index.php?rest_route=\/wp\/v2\/posts\/3388","targetHints":{"allow":["GET"]}}],"collection":[{"href":"https:\/\/archive.sana.sy\/tr\/index.php?rest_route=\/wp\/v2\/posts"}],"about":[{"href":"https:\/\/archive.sana.sy\/tr\/index.php?rest_route=\/wp\/v2\/types\/post"}],"author":[{"embeddable":true,"href":"https:\/\/archive.sana.sy\/tr\/index.php?rest_route=\/wp\/v2\/users\/1"}],"replies":[{"embeddable":true,"href":"https:\/\/archive.sana.sy\/tr\/index.php?rest_route=%2Fwp%2Fv2%2Fcomments&post=3388"}],"version-history":[{"count":0,"href":"https:\/\/archive.sana.sy\/tr\/index.php?rest_route=\/wp\/v2\/posts\/3388\/revisions"}],"wp:featuredmedia":[{"embeddable":true,"href":"https:\/\/archive.sana.sy\/tr\/index.php?rest_route=\/wp\/v2\/media\/3390"}],"wp:attachment":[{"href":"https:\/\/archive.sana.sy\/tr\/index.php?rest_route=%2Fwp%2Fv2%2Fmedia&parent=3388"}],"wp:term":[{"taxonomy":"category","embeddable":true,"href":"https:\/\/archive.sana.sy\/tr\/index.php?rest_route=%2Fwp%2Fv2%2Fcategories&post=3388"},{"taxonomy":"post_tag","embeddable":true,"href":"https:\/\/archive.sana.sy\/tr\/index.php?rest_route=%2Fwp%2Fv2%2Ftags&post=3388"}],"curies":[{"name":"wp","href":"https:\/\/api.w.org\/{rel}","templated":true}]}}