{"id":33913,"date":"2015-05-19T12:57:27","date_gmt":"2015-05-19T09:57:27","guid":{"rendered":"http:\/\/sana.sy\/tr\/?p=33913"},"modified":"2015-05-19T12:57:27","modified_gmt":"2015-05-19T09:57:27","slug":"suriyeli-genc-yetenek-sait-cerdi-ukrayna-got-talent-lakabini-kazandi","status":"publish","type":"post","link":"https:\/\/archive.sana.sy\/tr\/?p=33913","title":{"rendered":"Suriyeli Gen\u00e7 Yetenek Sait Cerdi Ukrayna Got Talent Lakab\u0131n\u0131 Kazand\u0131"},"content":{"rendered":"<p>K\u0130EV \u2013 Ukrayna Got Talent program\u0131nda Ukrayna dilinde \u00e7ok zor \u015fark\u0131lar\u0131 s\u00f6ylemesiyle j\u00fcrinin t\u00fcm oylar\u0131n\u0131 alarak, y\u00fcksek yetene\u011fi ve ayr\u0131cal\u0131kl\u0131 edas\u0131yla Suriyeli gen\u00e7 Sait Cerdi birincili\u011fi kazand\u0131.<\/p>\n<p>Sait SANA\u2019ya a\u00e7\u0131klamas\u0131nda, bu lakab\u0131 almas\u0131yla sorumlulu\u011funun bir kat daha artt\u0131\u011f\u0131n\u0131 \u00e7\u00fcnk\u00fc gurbet\u00e7i olarak d\u0131\u015far\u0131da anavatan\u0131 Suriye\u2019yi temsil etti\u011fini, daha g\u00fczel yerlere gelebilmek i\u00e7in ba\u015far\u0131 yolunu s\u00fcrd\u00fcrmesi gerekti\u011fini belirterek, Suriye\u2019nin yetenek ve yarat\u0131c\u0131 enerjileri do\u011furan \u00fclke oldu\u011funa i\u015faret etti.<\/p>\n<p>Homs kentinin \u00e7ocu\u011fu olan Cerdi, iki y\u0131l \u00f6nce T\u0131p Fak\u00fcltesinde okumak i\u00e7in Ukrayna\u2019ya gitmi\u015f, program\u0131n b\u00fct\u00fcn a\u015famalar\u0131n\u0131 beklenmeyen bir \u015fekilde a\u015fm\u0131\u015f final par\u00e7as\u0131n\u0131 Ukrayna dilinde okuyarak halk\u0131n oylar\u0131n\u0131 kazand\u0131.<\/p>\n<p>S.\u015e. &#8211; R.H.<\/p>\n","protected":false},"excerpt":{"rendered":"<p>K\u0130EV \u2013 Ukrayna Got Talent program\u0131nda Ukrayna dilinde \u00e7ok zor \u015fark\u0131lar\u0131 s\u00f6ylemesiyle j\u00fcrinin t\u00fcm oylar\u0131n\u0131 alarak, y\u00fcksek yetene\u011fi ve ayr\u0131cal\u0131kl\u0131 edas\u0131yla Suriyeli gen\u00e7 Sait Cerdi birincili\u011fi kazand\u0131. Sait SANA\u2019ya a\u00e7\u0131klamas\u0131nda, bu lakab\u0131 almas\u0131yla sorumlulu\u011funun bir kat daha artt\u0131\u011f\u0131n\u0131 \u00e7\u00fcnk\u00fc gurbet\u00e7i olarak d\u0131\u015far\u0131da anavatan\u0131 Suriye\u2019yi temsil etti\u011fini, daha g\u00fczel yerlere gelebilmek i\u00e7in ba\u015far\u0131 yolunu s\u00fcrd\u00fcrmesi gerekti\u011fini &hellip;<\/p>\n","protected":false},"author":1,"featured_media":33914,"comment_status":"closed","ping_status":"closed","sticky":false,"template":"","format":"standard","meta":{"footnotes":""},"categories":[1],"tags":[14670,14671],"class_list":["post-33913","post","type-post","status-publish","format-standard","has-post-thumbnail","","category-news-not-sorted","tag-suriyeli-genc-yetenek-sait-cerdi-ukrayna-got-talent-lakabini-kazandi-kiev-ukrayna-got-talent-programinda-ukrayna-dilinde-cok-zor-sarkilari-soylemesiyle-jurinin-tum-oylarini-alarak","tag-yuksek-yetenegi-ve-ayricalikli-edasiyla-suriyeli-genc-sait-cerdi-birinciligi-kazandi"],"_links":{"self":[{"href":"https:\/\/archive.sana.sy\/tr\/index.php?rest_route=\/wp\/v2\/posts\/33913","targetHints":{"allow":["GET"]}}],"collection":[{"href":"https:\/\/archive.sana.sy\/tr\/index.php?rest_route=\/wp\/v2\/posts"}],"about":[{"href":"https:\/\/archive.sana.sy\/tr\/index.php?rest_route=\/wp\/v2\/types\/post"}],"author":[{"embeddable":true,"href":"https:\/\/archive.sana.sy\/tr\/index.php?rest_route=\/wp\/v2\/users\/1"}],"replies":[{"embeddable":true,"href":"https:\/\/archive.sana.sy\/tr\/index.php?rest_route=%2Fwp%2Fv2%2Fcomments&post=33913"}],"version-history":[{"count":0,"href":"https:\/\/archive.sana.sy\/tr\/index.php?rest_route=\/wp\/v2\/posts\/33913\/revisions"}],"wp:featuredmedia":[{"embeddable":true,"href":"https:\/\/archive.sana.sy\/tr\/index.php?rest_route=\/wp\/v2\/media\/33914"}],"wp:attachment":[{"href":"https:\/\/archive.sana.sy\/tr\/index.php?rest_route=%2Fwp%2Fv2%2Fmedia&parent=33913"}],"wp:term":[{"taxonomy":"category","embeddable":true,"href":"https:\/\/archive.sana.sy\/tr\/index.php?rest_route=%2Fwp%2Fv2%2Fcategories&post=33913"},{"taxonomy":"post_tag","embeddable":true,"href":"https:\/\/archive.sana.sy\/tr\/index.php?rest_route=%2Fwp%2Fv2%2Ftags&post=33913"}],"curies":[{"name":"wp","href":"https:\/\/api.w.org\/{rel}","templated":true}]}}