{"id":33928,"date":"2015-05-19T15:31:33","date_gmt":"2015-05-19T12:31:33","guid":{"rendered":"http:\/\/sana.sy\/tr\/?p=33928"},"modified":"2015-05-19T15:33:14","modified_gmt":"2015-05-19T12:33:14","slug":"tehcir-edilenlerin-tum-ihtiyaclarini-karsilama-cabalari-takdire-sayandir","status":"publish","type":"post","link":"https:\/\/archive.sana.sy\/tr\/?p=33928","title":{"rendered":"Tehcir Edilenlerin T\u00fcm \u0130htiya\u00e7lar\u0131n\u0131 Kar\u015f\u0131lama \u00c7abalar\u0131 Takdire \u015eayand\u0131r"},"content":{"rendered":"<p>LAZK\u0130YE \u2013 Birle\u015fmi\u015f Milletlerde yurti\u00e7i m\u00fclteciler Suriye r\u00f6port\u00f6r\u00fc Chaloka Beyani; Suriye h\u00fck\u00fcmetinin tehcir edilen vatanda\u015flar\u0131n ihtiya\u00e7lar\u0131n\u0131 kar\u015f\u0131lama amac\u0131yla harcad\u0131\u011f\u0131 b\u00fcy\u00fck \u00e7abalar\u0131n takdire \u015fayan oldu\u011funu belirtti.<\/p>\n<p>Lazkiye Valisi \u0130brahim H\u0131z\u0131r Salim ile d\u00fcn ak\u015fam Lazkiye\u2019de bir araya gelen Beyani; Suriye h\u00fck\u00fcmetinin tehcir edilen vatanda\u015flara g\u00fcvenli bar\u0131na\u011f\u0131n yan\u0131 s\u0131ra g\u0131da, sa\u011fl\u0131k hizmetleri ve t\u00fcm ihtiya\u00e7lar\u0131n\u0131n kar\u015f\u0131lanmas\u0131na b\u00fcy\u00fck bir \u00e7aba harcad\u0131\u011f\u0131n\u0131 s\u00f6yledi. Beyan\u0131 Suriye h\u00fck\u00fcmetinin buna ilaveten sabote edilen b\u00f6lgelerin yeniden yap\u0131land\u0131r\u0131lmas\u0131, hizmet kurumlar\u0131 ve alt yap\u0131n\u0131n onar\u0131l\u0131p b\u00f6lge sakinlerinin en k\u0131sa zamanda evlerine d\u00f6nmeleri i\u00e7in de takdire \u015fayan \u00e7abalar harcad\u0131\u011f\u0131na dikkat \u00e7ekti.<\/p>\n<p><a href=\"http:\/\/sana.sy\/tr\/wp-content\/uploads\/2015\/05\/Tehcir-Edilenlerin-T\u00fcm-\u0130htiya\u00e7lar\u0131n\u0131-Kar\u015f\u0131lama-\u00c7abalar\u0131-Takdire-\u015eayand\u0131r-1.jpg\"><img loading=\"lazy\" decoding=\"async\" class=\"alignright wp-image-33931 size-medium\" src=\"http:\/\/sana.sy\/tr\/wp-content\/uploads\/2015\/05\/Tehcir-Edilenlerin-T\u00fcm-\u0130htiya\u00e7lar\u0131n\u0131-Kar\u015f\u0131lama-\u00c7abalar\u0131-Takdire-\u015eayand\u0131r-1-300x164.jpg\" alt=\"Tehcir Edilenlerin T\u00fcm \u0130htiya\u00e7lar\u0131n\u0131 Kar\u015f\u0131lama \u00c7abalar\u0131 Takdire \u015eayand\u0131r 1\" width=\"300\" height=\"164\" srcset=\"https:\/\/archive.sana.sy\/tr\/wp-content\/uploads\/2015\/05\/Tehcir-Edilenlerin-T\u00fcm-\u0130htiya\u00e7lar\u0131n\u0131-Kar\u015f\u0131lama-\u00c7abalar\u0131-Takdire-\u015eayand\u0131r-1-300x164.jpg 300w, https:\/\/archive.sana.sy\/tr\/wp-content\/uploads\/2015\/05\/Tehcir-Edilenlerin-T\u00fcm-\u0130htiya\u00e7lar\u0131n\u0131-Kar\u015f\u0131lama-\u00c7abalar\u0131-Takdire-\u015eayand\u0131r-1-150x82.jpg 150w, https:\/\/archive.sana.sy\/tr\/wp-content\/uploads\/2015\/05\/Tehcir-Edilenlerin-T\u00fcm-\u0130htiya\u00e7lar\u0131n\u0131-Kar\u015f\u0131lama-\u00c7abalar\u0131-Takdire-\u015eayand\u0131r-1-1024x559.jpg 1024w, https:\/\/archive.sana.sy\/tr\/wp-content\/uploads\/2015\/05\/Tehcir-Edilenlerin-T\u00fcm-\u0130htiya\u00e7lar\u0131n\u0131-Kar\u015f\u0131lama-\u00c7abalar\u0131-Takdire-\u015eayand\u0131r-1.jpg 1500w\" sizes=\"auto, (max-width: 300px) 100vw, 300px\" \/><\/a>Kendisine e\u015flik eden heyetle birlikte muhtelif b\u00f6lgelerden tehcir edilen Suriyelilerin Lazkiye\u2019de ikamet ettikleri b\u00f6lgelere saha gezisinde bulunup durumlar\u0131n\u0131 inceledi\u011fini belirten Beyani; bu vatanda\u015flar\u0131n ihtiya\u00e7lar\u0131n\u0131n kar\u015f\u0131lanmas\u0131na destek sa\u011flamakla birlikte uluslar aras\u0131 toplumu ger\u00e7ek durumlar konusunda bilgilendirme ve ihtiya\u00e7lar\u0131n\u0131n kar\u015f\u0131lanmas\u0131na destek olma \u00e7abas\u0131nda olduklar\u0131n\u0131 s\u00f6yledi.<\/p>\n<p>Beyami Suriye&#8217;de durumun ciddi bir hal ald\u0131\u011f\u0131na dikkat \u00e7ekerken, meselenin sadece Suriye&#8217;de de\u011fil b\u00f6lgesel ve hatta evrensel bir mesele haline geldi\u011fine i\u015faret etti.<\/p>\n<p>Sivilleri hedef alan ter\u00f6r\u00fc \u015fiddetle k\u0131nad\u0131\u011f\u0131n\u0131 belirten Beyani; Suriye h\u00fck\u00fcmetiyle koordinasyon i\u00e7inde derhal acil \u00e7\u00f6z\u00fcm bulunmas\u0131 \u00e7a\u011fr\u0131s\u0131nda bulundu.<\/p>\n<p>A.A. &#8211; M.M.<\/p>\n","protected":false},"excerpt":{"rendered":"<p>LAZK\u0130YE \u2013 Birle\u015fmi\u015f Milletlerde yurti\u00e7i m\u00fclteciler Suriye r\u00f6port\u00f6r\u00fc Chaloka Beyani; Suriye h\u00fck\u00fcmetinin tehcir edilen vatanda\u015flar\u0131n ihtiya\u00e7lar\u0131n\u0131 kar\u015f\u0131lama amac\u0131yla harcad\u0131\u011f\u0131 b\u00fcy\u00fck \u00e7abalar\u0131n takdire \u015fayan oldu\u011funu belirtti. Lazkiye Valisi \u0130brahim H\u0131z\u0131r Salim ile d\u00fcn ak\u015fam Lazkiye\u2019de bir araya gelen Beyani; Suriye h\u00fck\u00fcmetinin tehcir edilen vatanda\u015flara g\u00fcvenli bar\u0131na\u011f\u0131n yan\u0131 s\u0131ra g\u0131da, sa\u011fl\u0131k hizmetleri ve t\u00fcm ihtiya\u00e7lar\u0131n\u0131n kar\u015f\u0131lanmas\u0131na b\u00fcy\u00fck &hellip;<\/p>\n","protected":false},"author":1,"featured_media":33930,"comment_status":"closed","ping_status":"closed","sticky":false,"template":"","format":"standard","meta":{"footnotes":""},"categories":[479,478],"tags":[14675],"class_list":["post-33928","post","type-post","status-publish","format-standard","has-post-thumbnail","","category-haberler-yerel","category-yerel","tag-tehcir-edilenlerin-tum-ihtiyaclarini-karsilama-cabalari-takdire-sayandir"],"_links":{"self":[{"href":"https:\/\/archive.sana.sy\/tr\/index.php?rest_route=\/wp\/v2\/posts\/33928","targetHints":{"allow":["GET"]}}],"collection":[{"href":"https:\/\/archive.sana.sy\/tr\/index.php?rest_route=\/wp\/v2\/posts"}],"about":[{"href":"https:\/\/archive.sana.sy\/tr\/index.php?rest_route=\/wp\/v2\/types\/post"}],"author":[{"embeddable":true,"href":"https:\/\/archive.sana.sy\/tr\/index.php?rest_route=\/wp\/v2\/users\/1"}],"replies":[{"embeddable":true,"href":"https:\/\/archive.sana.sy\/tr\/index.php?rest_route=%2Fwp%2Fv2%2Fcomments&post=33928"}],"version-history":[{"count":0,"href":"https:\/\/archive.sana.sy\/tr\/index.php?rest_route=\/wp\/v2\/posts\/33928\/revisions"}],"wp:featuredmedia":[{"embeddable":true,"href":"https:\/\/archive.sana.sy\/tr\/index.php?rest_route=\/wp\/v2\/media\/33930"}],"wp:attachment":[{"href":"https:\/\/archive.sana.sy\/tr\/index.php?rest_route=%2Fwp%2Fv2%2Fmedia&parent=33928"}],"wp:term":[{"taxonomy":"category","embeddable":true,"href":"https:\/\/archive.sana.sy\/tr\/index.php?rest_route=%2Fwp%2Fv2%2Fcategories&post=33928"},{"taxonomy":"post_tag","embeddable":true,"href":"https:\/\/archive.sana.sy\/tr\/index.php?rest_route=%2Fwp%2Fv2%2Ftags&post=33928"}],"curies":[{"name":"wp","href":"https:\/\/api.w.org\/{rel}","templated":true}]}}