{"id":33934,"date":"2015-05-19T16:21:15","date_gmt":"2015-05-19T13:21:15","guid":{"rendered":"http:\/\/sana.sy\/tr\/?p=33934"},"modified":"2015-05-19T16:22:29","modified_gmt":"2015-05-19T13:22:29","slug":"saatler-suren-gorusmelerde-suriye-ve-civarindaki-durumlar-da-masaya-yatirildi","status":"publish","type":"post","link":"https:\/\/archive.sana.sy\/tr\/?p=33934","title":{"rendered":"Saatler S\u00fcren G\u00f6r\u00fc\u015fmelerde Suriye ve Civar\u0131ndaki Durumlar da Masaya Yat\u0131r\u0131ld\u0131"},"content":{"rendered":"<p>MOSKOVA \u2013 Rusya Ba\u015fkan\u0131n\u0131n Ortado\u011fu \u00f6zel temsilcisi ve d\u0131\u015fi\u015fleri bakan\u0131 yard\u0131mc\u0131s\u0131 Mikhail Bogdanov; Suriye&#8217;deki krizin siyasi \u00e7\u00f6z\u00fcm\u00fc amac\u0131yla d\u00fcn Moskova\u2019da ABD ve Rus heyetler aras\u0131nda yap\u0131lan g\u00f6r\u00fc\u015fmeleri \u2018ayr\u0131nt\u0131l\u0131, net ve yap\u0131c\u0131\u2019 olarak nitelendirdi.<\/p>\n<p>RT web sitesinin bug\u00fcn aktard\u0131\u011f\u0131 a\u00e7\u0131klamalar\u0131nda Bogdanov; ABD taraf\u0131n\u0131n bu g\u00f6r\u00fc\u015fmelerin s\u00fcrd\u00fcr\u00fclmesine ilgi g\u00f6sterdi\u011fini s\u00f6yledi.<\/p>\n<p>Bogdanov ABD Suriye \u00f6zel temsilcisi Daniel Rubinstein\u2019in kat\u0131ld\u0131\u011f\u0131 g\u00f6r\u00fc\u015fmelerin saatler s\u00fcrd\u00fc\u011f\u00fcn\u00fc belirtirken, bu g\u00f6r\u00fc\u015fmelerde Suriye&#8217;deki durumlar\u0131n yan\u0131 s\u0131ra civar devletlerdeki durumlar\u0131n da ele al\u0131nd\u0131\u011f\u0131na dikkat \u00e7ekti.<\/p>\n<p>G\u00f6r\u00fc\u015fmelerde temel dayana\u011f\u0131n 30 haziran 2012 tarihli Cenevre I deklarasyonu odlu\u011funa i\u015faret eden Bogdanov; Ortado\u011fu b\u00f6lgesindeki meselelere \u00e7\u00f6z\u00fcmde b\u00f6lgesel devletlerin de g\u00f6r\u00fc\u015flerini alman\u0131n muhtemel oldu\u011funa i\u015faret etti.<\/p>\n<p>Bogdanov Cenevre III konferans\u0131 konusunu ele almad\u0131klar\u0131n\u0131 ifade ederken, bu s\u00fcre\u00e7 i\u00e7in \u00e7abalar\u0131n t\u00fcm Suriyelileri diyaloga ikna etme \u00fczerine odaklanmas\u0131 gerekti\u011fini s\u00f6yledi.<\/p>\n<p>A.A. &#8211; M.M.<\/p>\n","protected":false},"excerpt":{"rendered":"<p>MOSKOVA \u2013 Rusya Ba\u015fkan\u0131n\u0131n Ortado\u011fu \u00f6zel temsilcisi ve d\u0131\u015fi\u015fleri bakan\u0131 yard\u0131mc\u0131s\u0131 Mikhail Bogdanov; Suriye&#8217;deki krizin siyasi \u00e7\u00f6z\u00fcm\u00fc amac\u0131yla d\u00fcn Moskova\u2019da ABD ve Rus heyetler aras\u0131nda yap\u0131lan g\u00f6r\u00fc\u015fmeleri \u2018ayr\u0131nt\u0131l\u0131, net ve yap\u0131c\u0131\u2019 olarak nitelendirdi. RT web sitesinin bug\u00fcn aktard\u0131\u011f\u0131 a\u00e7\u0131klamalar\u0131nda Bogdanov; ABD taraf\u0131n\u0131n bu g\u00f6r\u00fc\u015fmelerin s\u00fcrd\u00fcr\u00fclmesine ilgi g\u00f6sterdi\u011fini s\u00f6yledi. Bogdanov ABD Suriye \u00f6zel temsilcisi Daniel Rubinstein\u2019in &hellip;<\/p>\n","protected":false},"author":1,"featured_media":33936,"comment_status":"closed","ping_status":"closed","sticky":false,"template":"","format":"standard","meta":{"footnotes":""},"categories":[458,459,447],"tags":[14676],"class_list":["post-33934","post","type-post","status-publish","format-standard","has-post-thumbnail","","category-dunya1","category-haberler-arap-uluslararasi-politika","category-politika","tag-saatler-suren-gorusmelerde-suriye-ve-civarindaki-durumlar-da-masaya-yatirildi"],"_links":{"self":[{"href":"https:\/\/archive.sana.sy\/tr\/index.php?rest_route=\/wp\/v2\/posts\/33934","targetHints":{"allow":["GET"]}}],"collection":[{"href":"https:\/\/archive.sana.sy\/tr\/index.php?rest_route=\/wp\/v2\/posts"}],"about":[{"href":"https:\/\/archive.sana.sy\/tr\/index.php?rest_route=\/wp\/v2\/types\/post"}],"author":[{"embeddable":true,"href":"https:\/\/archive.sana.sy\/tr\/index.php?rest_route=\/wp\/v2\/users\/1"}],"replies":[{"embeddable":true,"href":"https:\/\/archive.sana.sy\/tr\/index.php?rest_route=%2Fwp%2Fv2%2Fcomments&post=33934"}],"version-history":[{"count":0,"href":"https:\/\/archive.sana.sy\/tr\/index.php?rest_route=\/wp\/v2\/posts\/33934\/revisions"}],"wp:featuredmedia":[{"embeddable":true,"href":"https:\/\/archive.sana.sy\/tr\/index.php?rest_route=\/wp\/v2\/media\/33936"}],"wp:attachment":[{"href":"https:\/\/archive.sana.sy\/tr\/index.php?rest_route=%2Fwp%2Fv2%2Fmedia&parent=33934"}],"wp:term":[{"taxonomy":"category","embeddable":true,"href":"https:\/\/archive.sana.sy\/tr\/index.php?rest_route=%2Fwp%2Fv2%2Fcategories&post=33934"},{"taxonomy":"post_tag","embeddable":true,"href":"https:\/\/archive.sana.sy\/tr\/index.php?rest_route=%2Fwp%2Fv2%2Ftags&post=33934"}],"curies":[{"name":"wp","href":"https:\/\/api.w.org\/{rel}","templated":true}]}}