{"id":33938,"date":"2015-05-19T16:24:16","date_gmt":"2015-05-19T13:24:16","guid":{"rendered":"http:\/\/sana.sy\/tr\/?p=33938"},"modified":"2015-05-19T16:28:10","modified_gmt":"2015-05-19T13:28:10","slug":"siyasi-cozumu-hizlandirmak-gerekiyor","status":"publish","type":"post","link":"https:\/\/archive.sana.sy\/tr\/?p=33938","title":{"rendered":"Siyasi \u00c7\u00f6z\u00fcm\u00fc H\u0131zland\u0131rmak Gerekiyor"},"content":{"rendered":"<p>BRAT\u0130SLAVA \u2013 Slovakya D\u0131\u015fi\u015fleri Bakan\u0131 Miroslav Lajcak Suriye&#8217;deki krize siyasi \u00e7\u00f6z\u00fcm sa\u011flama \u00e7abalar\u0131n\u0131 h\u0131zland\u0131rma \u00e7a\u011fr\u0131s\u0131 yaparken, bu krize daimi \u00e7\u00f6z\u00fcm\u00fcn ancak ve ancak bizzat Suriyeliler aras\u0131nda yap\u0131lacak diyalogla sa\u011flanabilece\u011fini s\u00f6yledi.<\/p>\n<p>Slovakya d\u0131\u015fi\u015fleri bakanl\u0131\u011f\u0131 binas\u0131nda bug\u00fcn Antakya ve T\u00fcm Do\u011fu Melkite Rum Katolikler Patri\u011fi Grigorios III Lahham ile bir araya gelen Lajcak; Suriye&#8217;deki krizin be\u015f y\u0131l\u0131na girmesiyle Suriyelilerin ya\u015fad\u0131klar\u0131 ac\u0131lar\u0131n g\u00f6zlerinden uzak olmad\u0131\u011f\u0131n\u0131 s\u00f6yledi. Lajcak Slovakya D\u0131\u015fi\u015fleri Bakanl\u0131\u011f\u0131n\u0131n Suriye&#8217;de en \u00e7ok zarar g\u00f6renlerin g\u0131da ve ila\u00e7 gereksinimlerinin kar\u015f\u0131lanmas\u0131 amac\u0131yla Melkite Katolik Patrikli\u011fine 10 bin euro ba\u011f\u0131\u015fta bulunaca\u011f\u0131n\u0131 s\u00f6yledi.<\/p>\n<p>A.A. &#8211; M.M.<\/p>\n","protected":false},"excerpt":{"rendered":"<p>BRAT\u0130SLAVA \u2013 Slovakya D\u0131\u015fi\u015fleri Bakan\u0131 Miroslav Lajcak Suriye&#8217;deki krize siyasi \u00e7\u00f6z\u00fcm sa\u011flama \u00e7abalar\u0131n\u0131 h\u0131zland\u0131rma \u00e7a\u011fr\u0131s\u0131 yaparken, bu krize daimi \u00e7\u00f6z\u00fcm\u00fcn ancak ve ancak bizzat Suriyeliler aras\u0131nda yap\u0131lacak diyalogla sa\u011flanabilece\u011fini s\u00f6yledi. Slovakya d\u0131\u015fi\u015fleri bakanl\u0131\u011f\u0131 binas\u0131nda bug\u00fcn Antakya ve T\u00fcm Do\u011fu Melkite Rum Katolikler Patri\u011fi Grigorios III Lahham ile bir araya gelen Lajcak; Suriye&#8217;deki krizin be\u015f y\u0131l\u0131na &hellip;<\/p>\n","protected":false},"author":1,"featured_media":33940,"comment_status":"closed","ping_status":"closed","sticky":false,"template":"","format":"standard","meta":{"footnotes":""},"categories":[458,459,447],"tags":[14677],"class_list":["post-33938","post","type-post","status-publish","format-standard","has-post-thumbnail","","category-dunya1","category-haberler-arap-uluslararasi-politika","category-politika","tag-siyasi-cozumu-hizlandirmak-gerekiyor"],"_links":{"self":[{"href":"https:\/\/archive.sana.sy\/tr\/index.php?rest_route=\/wp\/v2\/posts\/33938","targetHints":{"allow":["GET"]}}],"collection":[{"href":"https:\/\/archive.sana.sy\/tr\/index.php?rest_route=\/wp\/v2\/posts"}],"about":[{"href":"https:\/\/archive.sana.sy\/tr\/index.php?rest_route=\/wp\/v2\/types\/post"}],"author":[{"embeddable":true,"href":"https:\/\/archive.sana.sy\/tr\/index.php?rest_route=\/wp\/v2\/users\/1"}],"replies":[{"embeddable":true,"href":"https:\/\/archive.sana.sy\/tr\/index.php?rest_route=%2Fwp%2Fv2%2Fcomments&post=33938"}],"version-history":[{"count":0,"href":"https:\/\/archive.sana.sy\/tr\/index.php?rest_route=\/wp\/v2\/posts\/33938\/revisions"}],"wp:featuredmedia":[{"embeddable":true,"href":"https:\/\/archive.sana.sy\/tr\/index.php?rest_route=\/wp\/v2\/media\/33940"}],"wp:attachment":[{"href":"https:\/\/archive.sana.sy\/tr\/index.php?rest_route=%2Fwp%2Fv2%2Fmedia&parent=33938"}],"wp:term":[{"taxonomy":"category","embeddable":true,"href":"https:\/\/archive.sana.sy\/tr\/index.php?rest_route=%2Fwp%2Fv2%2Fcategories&post=33938"},{"taxonomy":"post_tag","embeddable":true,"href":"https:\/\/archive.sana.sy\/tr\/index.php?rest_route=%2Fwp%2Fv2%2Ftags&post=33938"}],"curies":[{"name":"wp","href":"https:\/\/api.w.org\/{rel}","templated":true}]}}