{"id":33943,"date":"2015-05-19T16:35:07","date_gmt":"2015-05-19T13:35:07","guid":{"rendered":"http:\/\/sana.sy\/tr\/?p=33943"},"modified":"2015-05-19T16:56:46","modified_gmt":"2015-05-19T13:56:46","slug":"can-ve-mal-guvenligimizin-garantoru-ordudur","status":"publish","type":"post","link":"https:\/\/archive.sana.sy\/tr\/?p=33943","title":{"rendered":"Can ve Mal G\u00fcvenli\u011fimizin Garant\u00f6r\u00fc Ordudur"},"content":{"rendered":"<p>DERA \u2013 Dera Kentinin Ka\u015fif Semti ahalisi kimi devletlerin destekleyip y\u00f6nlendirdikleri tekfirci ve vatan haini ter\u00f6ristlerin Suriye&#8217;nin muhtelif b\u00f6lgelerinde \u00f6l\u00fcm, y\u0131k\u0131m ve deh\u015fet sa\u00e7t\u0131klar\u0131na dikkat \u00e7ekerken, canlar\u0131n\u0131 ve mallar\u0131n\u0131 koruman\u0131n yegane garantisinin Suriye ordusu oldu\u011funu vurgulad\u0131.<\/p>\n<p>Sosyalist Arap el Baas Partisinin Dera il y\u00f6netimi ile bir araya gelen semt ahalisi; muhtelif adland\u0131rmalar alt\u0131ndaki silahl\u0131 gruplar\u0131n birbirinden farklar\u0131 olmad\u0131\u011f\u0131na vurgu yapt\u0131. Dera halk\u0131n\u0131n bu ter\u00f6r \u00f6rg\u00fctlerin ger\u00e7e\u011fini t\u00fcm \u00e7\u0131plakl\u0131\u011f\u0131yla g\u00f6rd\u00fc\u011f\u00fcn\u00fc belirten ahali; bu ter\u00f6ristlere kar\u015f\u0131 ordunun verdi\u011fi sava\u015f ve bulundu\u011fu fedakarl\u0131\u011f\u0131n takdire \u015fayan oldu\u011funu ifade etti.<\/p>\n<p>Ahali bulu\u015fmada krizin yans\u0131malar\u0131 sonucunda aksamalara tan\u0131k olan altyap\u0131 ve hizmet kurumlar\u0131n\u0131n en k\u0131sa zamanda onar\u0131lmas\u0131 talebinde bulundular.<\/p>\n<p>Bulu\u015fmaya kat\u0131lan Dera Kentinin Secna Semtindeki Ubade Bin el Samat Mescidinin imam\u0131 \u015eeyh Bessam el Mesalima; krize \u00e7\u00f6z\u00fcm\u00fcn h\u0131zland\u0131r\u0131lmas\u0131yla g\u00fcvenlik ve istikrar\u0131n sa\u011flanmas\u0131nda ulusal uzla\u015fmalar\u0131n \u00f6nemine vurgu yapt\u0131.<\/p>\n<div id='gallery-1' class='gallery galleryid-33943 gallery-columns-3 gallery-size-thumbnail'><figure class='gallery-item'>\n\t\t\t<div class='gallery-icon landscape'>\n\t\t\t\t<a href='https:\/\/archive.sana.sy\/tr\/wp-content\/uploads\/2015\/05\/Can-ve-Mal-G\u00fcvenli\u011fimizin-Garant\u00f6r\u00fc-Ordudur-1.jpg'><img loading=\"lazy\" decoding=\"async\" width=\"150\" height=\"113\" src=\"https:\/\/archive.sana.sy\/tr\/wp-content\/uploads\/2015\/05\/Can-ve-Mal-G\u00fcvenli\u011fimizin-Garant\u00f6r\u00fc-Ordudur-1-150x113.jpg\" class=\"attachment-thumbnail size-thumbnail\" alt=\"\" srcset=\"https:\/\/archive.sana.sy\/tr\/wp-content\/uploads\/2015\/05\/Can-ve-Mal-G\u00fcvenli\u011fimizin-Garant\u00f6r\u00fc-Ordudur-1-150x113.jpg 150w, https:\/\/archive.sana.sy\/tr\/wp-content\/uploads\/2015\/05\/Can-ve-Mal-G\u00fcvenli\u011fimizin-Garant\u00f6r\u00fc-Ordudur-1-300x225.jpg 300w, https:\/\/archive.sana.sy\/tr\/wp-content\/uploads\/2015\/05\/Can-ve-Mal-G\u00fcvenli\u011fimizin-Garant\u00f6r\u00fc-Ordudur-1.jpg 960w\" sizes=\"auto, (max-width: 150px) 100vw, 150px\" \/><\/a>\n\t\t\t<\/div><\/figure><figure class='gallery-item'>\n\t\t\t<div class='gallery-icon landscape'>\n\t\t\t\t<a href='https:\/\/archive.sana.sy\/tr\/wp-content\/uploads\/2015\/05\/Can-ve-Mal-G\u00fcvenli\u011fimizin-Garant\u00f6r\u00fc-Ordudur-2.jpg'><img loading=\"lazy\" decoding=\"async\" width=\"150\" height=\"103\" src=\"https:\/\/archive.sana.sy\/tr\/wp-content\/uploads\/2015\/05\/Can-ve-Mal-G\u00fcvenli\u011fimizin-Garant\u00f6r\u00fc-Ordudur-2-150x103.jpg\" class=\"attachment-thumbnail size-thumbnail\" alt=\"\" srcset=\"https:\/\/archive.sana.sy\/tr\/wp-content\/uploads\/2015\/05\/Can-ve-Mal-G\u00fcvenli\u011fimizin-Garant\u00f6r\u00fc-Ordudur-2-150x103.jpg 150w, https:\/\/archive.sana.sy\/tr\/wp-content\/uploads\/2015\/05\/Can-ve-Mal-G\u00fcvenli\u011fimizin-Garant\u00f6r\u00fc-Ordudur-2-300x205.jpg 300w, https:\/\/archive.sana.sy\/tr\/wp-content\/uploads\/2015\/05\/Can-ve-Mal-G\u00fcvenli\u011fimizin-Garant\u00f6r\u00fc-Ordudur-2.jpg 960w\" sizes=\"auto, (max-width: 150px) 100vw, 150px\" \/><\/a>\n\t\t\t<\/div><\/figure><figure class='gallery-item'>\n\t\t\t<div class='gallery-icon landscape'>\n\t\t\t\t<a href='https:\/\/archive.sana.sy\/tr\/wp-content\/uploads\/2015\/05\/Can-ve-Mal-G\u00fcvenli\u011fimizin-Garant\u00f6r\u00fc-Ordudur-4.jpg'><img loading=\"lazy\" decoding=\"async\" width=\"150\" height=\"97\" src=\"https:\/\/archive.sana.sy\/tr\/wp-content\/uploads\/2015\/05\/Can-ve-Mal-G\u00fcvenli\u011fimizin-Garant\u00f6r\u00fc-Ordudur-4-150x97.jpg\" class=\"attachment-thumbnail size-thumbnail\" alt=\"\" srcset=\"https:\/\/archive.sana.sy\/tr\/wp-content\/uploads\/2015\/05\/Can-ve-Mal-G\u00fcvenli\u011fimizin-Garant\u00f6r\u00fc-Ordudur-4-150x97.jpg 150w, https:\/\/archive.sana.sy\/tr\/wp-content\/uploads\/2015\/05\/Can-ve-Mal-G\u00fcvenli\u011fimizin-Garant\u00f6r\u00fc-Ordudur-4-300x193.jpg 300w, https:\/\/archive.sana.sy\/tr\/wp-content\/uploads\/2015\/05\/Can-ve-Mal-G\u00fcvenli\u011fimizin-Garant\u00f6r\u00fc-Ordudur-4.jpg 960w\" sizes=\"auto, (max-width: 150px) 100vw, 150px\" \/><\/a>\n\t\t\t<\/div><\/figure>\n\t\t<\/div>\n\n<p>A.A. &#8211; M.M.<\/p>\n","protected":false},"excerpt":{"rendered":"<p>DERA \u2013 Dera Kentinin Ka\u015fif Semti ahalisi kimi devletlerin destekleyip y\u00f6nlendirdikleri tekfirci ve vatan haini ter\u00f6ristlerin Suriye&#8217;nin muhtelif b\u00f6lgelerinde \u00f6l\u00fcm, y\u0131k\u0131m ve deh\u015fet sa\u00e7t\u0131klar\u0131na dikkat \u00e7ekerken, canlar\u0131n\u0131 ve mallar\u0131n\u0131 koruman\u0131n yegane garantisinin Suriye ordusu oldu\u011funu vurgulad\u0131. Sosyalist Arap el Baas Partisinin Dera il y\u00f6netimi ile bir araya gelen semt ahalisi; muhtelif adland\u0131rmalar alt\u0131ndaki silahl\u0131 gruplar\u0131n &hellip;<\/p>\n","protected":false},"author":1,"featured_media":33945,"comment_status":"closed","ping_status":"closed","sticky":false,"template":"","format":"standard","meta":{"footnotes":""},"categories":[479,478],"tags":[14678],"class_list":["post-33943","post","type-post","status-publish","format-standard","has-post-thumbnail","","category-haberler-yerel","category-yerel","tag-can-ve-mal-guvenligimizin-garantoru-ordudur"],"_links":{"self":[{"href":"https:\/\/archive.sana.sy\/tr\/index.php?rest_route=\/wp\/v2\/posts\/33943","targetHints":{"allow":["GET"]}}],"collection":[{"href":"https:\/\/archive.sana.sy\/tr\/index.php?rest_route=\/wp\/v2\/posts"}],"about":[{"href":"https:\/\/archive.sana.sy\/tr\/index.php?rest_route=\/wp\/v2\/types\/post"}],"author":[{"embeddable":true,"href":"https:\/\/archive.sana.sy\/tr\/index.php?rest_route=\/wp\/v2\/users\/1"}],"replies":[{"embeddable":true,"href":"https:\/\/archive.sana.sy\/tr\/index.php?rest_route=%2Fwp%2Fv2%2Fcomments&post=33943"}],"version-history":[{"count":0,"href":"https:\/\/archive.sana.sy\/tr\/index.php?rest_route=\/wp\/v2\/posts\/33943\/revisions"}],"wp:featuredmedia":[{"embeddable":true,"href":"https:\/\/archive.sana.sy\/tr\/index.php?rest_route=\/wp\/v2\/media\/33945"}],"wp:attachment":[{"href":"https:\/\/archive.sana.sy\/tr\/index.php?rest_route=%2Fwp%2Fv2%2Fmedia&parent=33943"}],"wp:term":[{"taxonomy":"category","embeddable":true,"href":"https:\/\/archive.sana.sy\/tr\/index.php?rest_route=%2Fwp%2Fv2%2Fcategories&post=33943"},{"taxonomy":"post_tag","embeddable":true,"href":"https:\/\/archive.sana.sy\/tr\/index.php?rest_route=%2Fwp%2Fv2%2Ftags&post=33943"}],"curies":[{"name":"wp","href":"https:\/\/api.w.org\/{rel}","templated":true}]}}