{"id":33959,"date":"2015-05-19T17:21:39","date_gmt":"2015-05-19T14:21:39","guid":{"rendered":"http:\/\/sana.sy\/tr\/?p=33959"},"modified":"2015-05-19T17:26:48","modified_gmt":"2015-05-19T14:26:48","slug":"sam-kenti-iki-havan-mermisi-hedef-alindi","status":"publish","type":"post","link":"https:\/\/archive.sana.sy\/tr\/?p=33959","title":{"rendered":"\u015eam Kenti \u0130ki Havan Mermisi Hedef Al\u0131nd\u0131"},"content":{"rendered":"<p>\u015eAM \u2013 \u2018Il\u0131ml\u0131 muhalifler\u2019 olarak adland\u0131r\u0131lan ter\u00f6r \u00e7eteleri bug\u00fcn ba\u015fkent \u015eam\u2019\u0131n sivil yerle\u015fim alanlar\u0131n\u0131 havan mermileriyle hedef ald\u0131.<\/p>\n<p>Emniyet M\u00fcd\u00fcrl\u00fc\u011f\u00fcnde bir kaynak; ter\u00f6ristlerin f\u0131rlatt\u0131\u011f\u0131 2 havan mermisinin Fayha Stadyumuna d\u00fc\u015fmesi sonucunda 2 vatanda\u015f\u0131n yaraland\u0131\u011f\u0131n\u0131; araba garaj\u0131nda da maddi hasar\u0131n olu\u015ftu\u011funu ifade etti.<\/p>\n<p>M.M. &#8211; A.A.<\/p>\n","protected":false},"excerpt":{"rendered":"<p>\u015eAM \u2013 \u2018Il\u0131ml\u0131 muhalifler\u2019 olarak adland\u0131r\u0131lan ter\u00f6r \u00e7eteleri bug\u00fcn ba\u015fkent \u015eam\u2019\u0131n sivil yerle\u015fim alanlar\u0131n\u0131 havan mermileriyle hedef ald\u0131. Emniyet M\u00fcd\u00fcrl\u00fc\u011f\u00fcnde bir kaynak; ter\u00f6ristlerin f\u0131rlatt\u0131\u011f\u0131 2 havan mermisinin Fayha Stadyumuna d\u00fc\u015fmesi sonucunda 2 vatanda\u015f\u0131n yaraland\u0131\u011f\u0131n\u0131; araba garaj\u0131nda da maddi hasar\u0131n olu\u015ftu\u011funu ifade etti. M.M. &#8211; A.A.<\/p>\n","protected":false},"author":1,"featured_media":33962,"comment_status":"closed","ping_status":"closed","sticky":false,"template":"","format":"standard","meta":{"footnotes":""},"categories":[479,575,478],"tags":[14679],"class_list":["post-33959","post","type-post","status-publish","format-standard","has-post-thumbnail","","category-haberler-yerel","category-olaylar-ve-gercekler","category-yerel","tag-sam-kenti-iki-havan-mermisi-hedef-alindi"],"_links":{"self":[{"href":"https:\/\/archive.sana.sy\/tr\/index.php?rest_route=\/wp\/v2\/posts\/33959","targetHints":{"allow":["GET"]}}],"collection":[{"href":"https:\/\/archive.sana.sy\/tr\/index.php?rest_route=\/wp\/v2\/posts"}],"about":[{"href":"https:\/\/archive.sana.sy\/tr\/index.php?rest_route=\/wp\/v2\/types\/post"}],"author":[{"embeddable":true,"href":"https:\/\/archive.sana.sy\/tr\/index.php?rest_route=\/wp\/v2\/users\/1"}],"replies":[{"embeddable":true,"href":"https:\/\/archive.sana.sy\/tr\/index.php?rest_route=%2Fwp%2Fv2%2Fcomments&post=33959"}],"version-history":[{"count":0,"href":"https:\/\/archive.sana.sy\/tr\/index.php?rest_route=\/wp\/v2\/posts\/33959\/revisions"}],"wp:featuredmedia":[{"embeddable":true,"href":"https:\/\/archive.sana.sy\/tr\/index.php?rest_route=\/wp\/v2\/media\/33962"}],"wp:attachment":[{"href":"https:\/\/archive.sana.sy\/tr\/index.php?rest_route=%2Fwp%2Fv2%2Fmedia&parent=33959"}],"wp:term":[{"taxonomy":"category","embeddable":true,"href":"https:\/\/archive.sana.sy\/tr\/index.php?rest_route=%2Fwp%2Fv2%2Fcategories&post=33959"},{"taxonomy":"post_tag","embeddable":true,"href":"https:\/\/archive.sana.sy\/tr\/index.php?rest_route=%2Fwp%2Fv2%2Ftags&post=33959"}],"curies":[{"name":"wp","href":"https:\/\/api.w.org\/{rel}","templated":true}]}}