{"id":3396,"date":"2014-06-18T16:24:01","date_gmt":"2014-06-18T13:24:01","guid":{"rendered":"http:\/\/sanasyria.org\/tr\/?p=3396"},"modified":"2014-06-18T16:27:16","modified_gmt":"2014-06-18T13:27:16","slug":"irakta-teror-kayip-vermeye-devam-ediyor","status":"publish","type":"post","link":"https:\/\/archive.sana.sy\/tr\/?p=3396","title":{"rendered":"Irak\u2019ta Ter\u00f6r Kay\u0131p Vermeye Devam Ediyor"},"content":{"rendered":"<p><span style=\"color: #800000\">BA\u011eDAT \u2013<\/span> Irak Medya A\u011f\u0131, Irak g\u00fcvenlik g\u00fc\u00e7lerinin vatansever a\u015firet evlatlar\u0131yla i\u015fbirli\u011fi i\u00e7erisinde ter\u00f6ristlerin sald\u0131r\u0131 giri\u015fimlerine kar\u015f\u0131 koymaya devam ettiklerini aktard\u0131.<\/p>\n<p>G\u00fcvenlik g\u00fc\u00e7leri ve vatansever a\u015firet evlatlar\u0131n\u0131n ter\u00f6re b\u00fcy\u00fck kay\u0131plar verdirdi\u011fine i\u015faret edilen haberlerde el Kaide\u2019ye ba\u011fl\u0131 \u201cIrak ve \u015eam\u2019da \u0130slam Devleti\u201d isimli ter\u00f6r \u00f6rg\u00fct\u00fcn\u00fcn\u00fcn ciddi kay\u0131plar verdi\u011fi vurguland\u0131.<\/p>\n","protected":false},"excerpt":{"rendered":"<p>BA\u011eDAT \u2013 Irak Medya A\u011f\u0131, Irak g\u00fcvenlik g\u00fc\u00e7lerinin vatansever a\u015firet evlatlar\u0131yla i\u015fbirli\u011fi i\u00e7erisinde ter\u00f6ristlerin sald\u0131r\u0131 giri\u015fimlerine kar\u015f\u0131 koymaya devam ettiklerini aktard\u0131. G\u00fcvenlik g\u00fc\u00e7leri ve vatansever a\u015firet evlatlar\u0131n\u0131n ter\u00f6re b\u00fcy\u00fck kay\u0131plar verdirdi\u011fine i\u015faret edilen haberlerde el Kaide\u2019ye ba\u011fl\u0131 \u201cIrak ve \u015eam\u2019da \u0130slam Devleti\u201d isimli ter\u00f6r \u00f6rg\u00fct\u00fcn\u00fcn\u00fcn ciddi kay\u0131plar verdi\u011fi vurguland\u0131.<\/p>\n","protected":false},"author":1,"featured_media":3401,"comment_status":"closed","ping_status":"closed","sticky":false,"template":"","format":"standard","meta":{"footnotes":""},"categories":[458,459],"tags":[742],"class_list":["post-3396","post","type-post","status-publish","format-standard","has-post-thumbnail","","category-dunya1","category-haberler-arap-uluslararasi-politika","tag-irakta-teror-kayip-vermeye-devam-ediyor"],"_links":{"self":[{"href":"https:\/\/archive.sana.sy\/tr\/index.php?rest_route=\/wp\/v2\/posts\/3396","targetHints":{"allow":["GET"]}}],"collection":[{"href":"https:\/\/archive.sana.sy\/tr\/index.php?rest_route=\/wp\/v2\/posts"}],"about":[{"href":"https:\/\/archive.sana.sy\/tr\/index.php?rest_route=\/wp\/v2\/types\/post"}],"author":[{"embeddable":true,"href":"https:\/\/archive.sana.sy\/tr\/index.php?rest_route=\/wp\/v2\/users\/1"}],"replies":[{"embeddable":true,"href":"https:\/\/archive.sana.sy\/tr\/index.php?rest_route=%2Fwp%2Fv2%2Fcomments&post=3396"}],"version-history":[{"count":0,"href":"https:\/\/archive.sana.sy\/tr\/index.php?rest_route=\/wp\/v2\/posts\/3396\/revisions"}],"wp:featuredmedia":[{"embeddable":true,"href":"https:\/\/archive.sana.sy\/tr\/index.php?rest_route=\/wp\/v2\/media\/3401"}],"wp:attachment":[{"href":"https:\/\/archive.sana.sy\/tr\/index.php?rest_route=%2Fwp%2Fv2%2Fmedia&parent=3396"}],"wp:term":[{"taxonomy":"category","embeddable":true,"href":"https:\/\/archive.sana.sy\/tr\/index.php?rest_route=%2Fwp%2Fv2%2Fcategories&post=3396"},{"taxonomy":"post_tag","embeddable":true,"href":"https:\/\/archive.sana.sy\/tr\/index.php?rest_route=%2Fwp%2Fv2%2Ftags&post=3396"}],"curies":[{"name":"wp","href":"https:\/\/api.w.org\/{rel}","templated":true}]}}