{"id":33989,"date":"2015-05-20T09:08:25","date_gmt":"2015-05-20T06:08:25","guid":{"rendered":"http:\/\/sana.sy\/tr\/?p=33989"},"modified":"2015-05-20T09:08:25","modified_gmt":"2015-05-20T06:08:25","slug":"guvenlik-konseyi-rusya-sam-buyukelciligini-hedef-alan-teror-saldirisini-kinadi","status":"publish","type":"post","link":"https:\/\/archive.sana.sy\/tr\/?p=33989","title":{"rendered":"G\u00fcvenlik Konseyi Rusya \u015eam B\u00fcy\u00fckel\u00e7ili\u011fini Hedef Alan Ter\u00f6r Sald\u0131r\u0131s\u0131n\u0131 K\u0131nad\u0131"},"content":{"rendered":"<p>BM NEW YORK \u2013 Uluslararas\u0131 G\u00fcvenlik Konseyi, Rusya Federasyonu \u015eam B\u00fcy\u00fckel\u00e7ili\u011fini d\u00fcn hedef alan ve g\u00f6revliler aras\u0131nda hi\u00e7 bir isabet olmadan sadece maddi zararlara yol a\u00e7an ter\u00f6r eylemini k\u0131nad\u0131.<\/p>\n<p>AFP, G\u00fcvenlik Konseyine bu ay ba\u015fkanl\u0131k eden\u00a0 Litvanya B\u00fcy\u00fckel\u00e7isi Raymonda Murmukaity\u2019den naklen, s\u00f6z konusu ter\u00f6r eyleminin binada b\u00fcy\u00fck zararlara yol a\u00e7t\u0131\u011f\u0131n\u0131 belirterek, ev sahipli\u011fi yapan \u00fclkelerin diplomatik ve konsolosluk binalar\u0131n\u0131 korumas\u0131n\u0131n g\u00f6revi oldu\u011funa i\u015faret etti.<\/p>\n<p>G\u00fcvenlik Konseyinde \u00fcye 15 \u00fclke s\u00f6z konusu ter\u00f6r eylemini ger\u00e7ekle\u015ftirenlerin yarg\u0131ya havale edilmesi zorunlulu\u011funu vurgulad\u0131.<\/p>\n<p>Kendi y\u00f6n\u00fcnden Amerika Birle\u015fik Devletleri, Rusya B\u00fcy\u00fckel\u00e7ili\u011fine y\u00f6nelik s\u00f6z konusu ter\u00f6r sald\u0131r\u0131n\u0131 k\u0131nayarak Suriye\u2019deki krizin siyasi yollarla \u00e7\u00f6z\u00fcme varma davetini yineledi.<\/p>\n<p>\u00d6te yandan Rusya D\u0131\u015fi\u015fleri Bakanl\u0131\u011f\u0131, Moskova\u2019n\u0131n \u015eam\u2019daki Rusya Federasyonu B\u00fcy\u00fckel\u00e7ilik merkezinin iki havan f\u00fczesiyle hedef al\u0131nmas\u0131n\u0131 B\u00fcy\u00fckel\u00e7ili\u011fe kar\u015f\u0131 y\u00f6neltilen \u201cter\u00f6r eylemi\u201d oldu\u011funu ilan etmi\u015f, ter\u00f6r eylemini ger.ekle\u015ftirenleri, \u00f6rg\u00fctleyen ve k\u0131\u015fk\u0131rtanlar\u0131 \u015fiddetle k\u0131nad\u0131\u011f\u0131n\u0131 belirtmi\u015fti.<\/p>\n<p>Bakanl\u0131k, ter\u00f6r tehlikesine kar\u015f\u0131 m\u00fccadeledeki \u00e7abalar\u0131ndan dolay\u0131 Suriye otoriteleriyle dayan\u0131\u015fmas\u0131n\u0131 ifade etmi\u015fti.<\/p>\n<p>Rusya B\u00fcy\u00fckel\u00e7ili\u011fi s\u00f6zc\u00fcs\u00fc Asiyet \u0130brahimova d\u00fcn SANA\u2019ya a\u00e7\u0131klamas\u0131nda, birinci havan f\u00fczesinin B\u00fcy\u00fckel\u00e7ilik binansa ikincisinin ise B\u00fcy\u00fckel\u00e7ilik kompleksinin ana giri\u015fine d\u00fc\u015ft\u00fc\u011f\u00fcn\u00fc ifade etmi\u015f, ter\u00f6r sald\u0131r\u0131s\u0131n\u0131n binada maddi zararlara yol a\u00e7t\u0131\u011f\u0131n\u0131 g\u00f6revliler aras\u0131nda da isabetlerin olmad\u0131\u011f\u0131n\u0131 a\u00e7\u0131klam\u0131\u015ft\u0131.<\/p>\n<p>\u0130brahimova, B\u00fcy\u00fckel\u00e7ilikte i\u015flerin do\u011fal bir \u015fekilde hi\u00e7 bir de\u011fi\u015fikli\u011fe u\u011framadan devam etti\u011fini belirtmi\u015fti.<\/p>\n<p>S.\u015e. &#8211; R.H.<\/p>\n","protected":false},"excerpt":{"rendered":"<p>BM NEW YORK \u2013 Uluslararas\u0131 G\u00fcvenlik Konseyi, Rusya Federasyonu \u015eam B\u00fcy\u00fckel\u00e7ili\u011fini d\u00fcn hedef alan ve g\u00f6revliler aras\u0131nda hi\u00e7 bir isabet olmadan sadece maddi zararlara yol a\u00e7an ter\u00f6r eylemini k\u0131nad\u0131. AFP, G\u00fcvenlik Konseyine bu ay ba\u015fkanl\u0131k eden\u00a0 Litvanya B\u00fcy\u00fckel\u00e7isi Raymonda Murmukaity\u2019den naklen, s\u00f6z konusu ter\u00f6r eyleminin binada b\u00fcy\u00fck zararlara yol a\u00e7t\u0131\u011f\u0131n\u0131 belirterek, ev sahipli\u011fi yapan \u00fclkelerin &hellip;<\/p>\n","protected":false},"author":1,"featured_media":33990,"comment_status":"closed","ping_status":"closed","sticky":false,"template":"","format":"standard","meta":{"footnotes":""},"categories":[458,459,447],"tags":[14683,14684],"class_list":["post-33989","post","type-post","status-publish","format-standard","has-post-thumbnail","","category-dunya1","category-haberler-arap-uluslararasi-politika","category-politika","tag-guvenlik-konseyi-rusya-sam-buyukelciligini-hedef-alan-teror-saldirisini-kinadi-bm-new-york-uluslararasi-guvenlik-konseyi","tag-rusya-federasyonu-sam-buyukelciligini-dun-hedef-alan-ve-gorevliler-arasinda-hic-bir-isabet-olmadan-sadece-maddi-zararlara-yol-acan-teror-eylemini-kinadi"],"_links":{"self":[{"href":"https:\/\/archive.sana.sy\/tr\/index.php?rest_route=\/wp\/v2\/posts\/33989","targetHints":{"allow":["GET"]}}],"collection":[{"href":"https:\/\/archive.sana.sy\/tr\/index.php?rest_route=\/wp\/v2\/posts"}],"about":[{"href":"https:\/\/archive.sana.sy\/tr\/index.php?rest_route=\/wp\/v2\/types\/post"}],"author":[{"embeddable":true,"href":"https:\/\/archive.sana.sy\/tr\/index.php?rest_route=\/wp\/v2\/users\/1"}],"replies":[{"embeddable":true,"href":"https:\/\/archive.sana.sy\/tr\/index.php?rest_route=%2Fwp%2Fv2%2Fcomments&post=33989"}],"version-history":[{"count":0,"href":"https:\/\/archive.sana.sy\/tr\/index.php?rest_route=\/wp\/v2\/posts\/33989\/revisions"}],"wp:featuredmedia":[{"embeddable":true,"href":"https:\/\/archive.sana.sy\/tr\/index.php?rest_route=\/wp\/v2\/media\/33990"}],"wp:attachment":[{"href":"https:\/\/archive.sana.sy\/tr\/index.php?rest_route=%2Fwp%2Fv2%2Fmedia&parent=33989"}],"wp:term":[{"taxonomy":"category","embeddable":true,"href":"https:\/\/archive.sana.sy\/tr\/index.php?rest_route=%2Fwp%2Fv2%2Fcategories&post=33989"},{"taxonomy":"post_tag","embeddable":true,"href":"https:\/\/archive.sana.sy\/tr\/index.php?rest_route=%2Fwp%2Fv2%2Ftags&post=33989"}],"curies":[{"name":"wp","href":"https:\/\/api.w.org\/{rel}","templated":true}]}}