{"id":34035,"date":"2015-05-20T21:09:43","date_gmt":"2015-05-20T18:09:43","guid":{"rendered":"http:\/\/sana.sy\/tr\/?p=34035"},"modified":"2015-05-21T18:30:39","modified_gmt":"2015-05-21T15:30:39","slug":"suriyenin-zaferle-kurtulacagina-iliskin-gonul-rahatligimizi-kendi-devletlerimize-aktaracagiz","status":"publish","type":"post","link":"https:\/\/archive.sana.sy\/tr\/?p=34035","title":{"rendered":"Suriye&#8217;nin Zaferle Kurtulaca\u011f\u0131na \u0130li\u015fkin G\u00f6n\u00fcl Rahatl\u0131\u011f\u0131m\u0131z\u0131 Kendi Devletlerimize Aktaraca\u011f\u0131z"},"content":{"rendered":"<p>\u015eAM \u2013 Cumhurba\u015fkan\u0131 Be\u015f\u015far el Esad bug\u00fcn \u015eam\u2019\u0131n ev sahipli\u011fini yapt\u0131\u011f\u0131 19. Arap \u00d6\u011fretmenler Birli\u011fi genel konferans\u0131na kat\u0131lan sekretarya \u00fcyeleri ve birli\u011fe tabi kurum ba\u015fkanlar\u0131n\u0131 kabul etti.<\/p>\n<p>Kabulde Cumhurba\u015fkan\u0131 el Esad; g\u00fcn\u00fcm\u00fczde milleti hedef alan en tehlikeli \u015feyin, milli kimlik ve k\u00fclt\u00fcr\u00fc dejenere etme \u00e7abalar\u0131 oldu\u011funu belirtti. El Esad milli k\u00fclt\u00fcr ve kimli\u011fi korumakla birlikte bu kimli\u011fe idrakin derinle\u015ftirilmesinde muhtelif Arap \u00fclkelerindeki e\u011fitim-\u00f6\u011fretim kurumlar\u0131 ve sivil halk \u00f6rg\u00fctlerin misyonuna dikkat \u00e7ekti. Bu kurum ve \u00f6rg\u00fctlerin Arap dilinin muhafaza edilmesiyle birlikte\u00a0 yeni nesillerin karanl\u0131k tekfirci ideolojiyle temsil olan k\u00fclt\u00fcrel i\u015fgale kar\u015f\u0131 g\u00fc\u00e7lendirilmesindeki \u00f6nemine \u0131\u015f\u0131k tutan el Esad; karanl\u0131k tekfirci ideolojinin milletin varl\u0131\u011f\u0131na tehlike te\u015fkil etti\u011fini vurgulad\u0131.<\/p>\n<p>Cumhurba\u015fkan\u0131 el Esad; muhtelif \u00f6rg\u00fctleri kapsayacak geni\u015f toplant\u0131lar d\u00fczenleme ve rollerinin b\u00fct\u00fcnle\u015fmesi arac\u0131l\u0131\u011f\u0131 ile\u00a0 sivil halk \u00f6rg\u00fctleri \u00e7al\u0131\u015fmalar\u0131n\u0131n kurumsalla\u015ft\u0131rma gere\u011finin alt\u0131n\u0131 \u00e7izdi. Bu \u00f6rg\u00fctlerin \u00fcstlendikleri rol\u00fcn \u00f6nemine i\u015faret eden el Esad; temsil etti\u011fi muhtelif kesimlerin vizyon ve \u00e7\u0131karlar\u0131n\u0131 savundu\u011funa dikkat \u00e7ekti.<\/p>\n<p>G\u00f6r\u00fc\u015fmede Arap \u00f6\u011fretmenleri temsilcileri ise 19. Genel konferanslar\u0131n\u0131 \u015eam\u2019da d\u00fczenlemeleriyle; h\u0131r\u00e7\u0131n bir ter\u00f6r sald\u0131r\u0131s\u0131na maruz kalan Suriye ile tam dayan\u0131\u015fmalar\u0131na dikkat \u00e7ekmek istediklerini belirtti.<\/p>\n<p>Suriye&#8217;nin milli tutumlar\u0131 ve ba\u011f\u0131ms\u0131z karar\u0131na tutunmas\u0131\u00a0 nedeniyle t\u00fcm bu h\u0131r\u00e7\u0131n ter\u00f6re maruz kald\u0131\u011f\u0131n\u0131 ifade eden Arap \u00f6\u011fretmenler; Suriye&#8217;nin halk\u0131n\u0131n ve ordusunun m\u00fccadeleleri sonucunda krizden zaferle kurtulaca\u011f\u0131na ili\u015fkin g\u00f6n\u00fcl rahatl\u0131klar\u0131n\u0131 kendi devletlerine aktaracaklar\u0131n\u0131 belirtti.<\/p>\n<div id='gallery-1' class='gallery galleryid-34035 gallery-columns-2 gallery-size-medium'><figure class='gallery-item'>\n\t\t\t<div class='gallery-icon landscape'>\n\t\t\t\t<a href='https:\/\/archive.sana.sy\/tr\/wp-content\/uploads\/2015\/05\/OFL_7847.jpg'><img loading=\"lazy\" decoding=\"async\" width=\"300\" height=\"138\" src=\"https:\/\/archive.sana.sy\/tr\/wp-content\/uploads\/2015\/05\/OFL_7847-300x138.jpg\" class=\"attachment-medium size-medium\" alt=\"\" srcset=\"https:\/\/archive.sana.sy\/tr\/wp-content\/uploads\/2015\/05\/OFL_7847-300x138.jpg 300w, https:\/\/archive.sana.sy\/tr\/wp-content\/uploads\/2015\/05\/OFL_7847-150x69.jpg 150w, https:\/\/archive.sana.sy\/tr\/wp-content\/uploads\/2015\/05\/OFL_7847-1024x472.jpg 1024w\" sizes=\"auto, (max-width: 300px) 100vw, 300px\" \/><\/a>\n\t\t\t<\/div><\/figure><figure class='gallery-item'>\n\t\t\t<div class='gallery-icon landscape'>\n\t\t\t\t<a href='https:\/\/archive.sana.sy\/tr\/wp-content\/uploads\/2015\/05\/MPA_2215.jpg'><img loading=\"lazy\" decoding=\"async\" width=\"300\" height=\"131\" src=\"https:\/\/archive.sana.sy\/tr\/wp-content\/uploads\/2015\/05\/MPA_2215-300x131.jpg\" class=\"attachment-medium size-medium\" alt=\"\" srcset=\"https:\/\/archive.sana.sy\/tr\/wp-content\/uploads\/2015\/05\/MPA_2215-300x131.jpg 300w, https:\/\/archive.sana.sy\/tr\/wp-content\/uploads\/2015\/05\/MPA_2215-150x65.jpg 150w, https:\/\/archive.sana.sy\/tr\/wp-content\/uploads\/2015\/05\/MPA_2215-1024x446.jpg 1024w\" sizes=\"auto, (max-width: 300px) 100vw, 300px\" \/><\/a>\n\t\t\t<\/div><\/figure><figure class='gallery-item'>\n\t\t\t<div class='gallery-icon landscape'>\n\t\t\t\t<a href='https:\/\/archive.sana.sy\/tr\/wp-content\/uploads\/2015\/05\/MPA_2224.jpg'><img loading=\"lazy\" decoding=\"async\" width=\"300\" height=\"133\" src=\"https:\/\/archive.sana.sy\/tr\/wp-content\/uploads\/2015\/05\/MPA_2224-300x133.jpg\" class=\"attachment-medium size-medium\" alt=\"\" srcset=\"https:\/\/archive.sana.sy\/tr\/wp-content\/uploads\/2015\/05\/MPA_2224-300x133.jpg 300w, https:\/\/archive.sana.sy\/tr\/wp-content\/uploads\/2015\/05\/MPA_2224-150x66.jpg 150w, https:\/\/archive.sana.sy\/tr\/wp-content\/uploads\/2015\/05\/MPA_2224-1024x453.jpg 1024w\" sizes=\"auto, (max-width: 300px) 100vw, 300px\" \/><\/a>\n\t\t\t<\/div><\/figure><figure class='gallery-item'>\n\t\t\t<div class='gallery-icon landscape'>\n\t\t\t\t<a href='https:\/\/archive.sana.sy\/tr\/wp-content\/uploads\/2015\/05\/MPA_2235.jpg'><img loading=\"lazy\" decoding=\"async\" width=\"300\" height=\"173\" src=\"https:\/\/archive.sana.sy\/tr\/wp-content\/uploads\/2015\/05\/MPA_2235-300x173.jpg\" class=\"attachment-medium size-medium\" alt=\"\" srcset=\"https:\/\/archive.sana.sy\/tr\/wp-content\/uploads\/2015\/05\/MPA_2235-300x173.jpg 300w, https:\/\/archive.sana.sy\/tr\/wp-content\/uploads\/2015\/05\/MPA_2235-150x86.jpg 150w, https:\/\/archive.sana.sy\/tr\/wp-content\/uploads\/2015\/05\/MPA_2235-1024x590.jpg 1024w\" sizes=\"auto, (max-width: 300px) 100vw, 300px\" \/><\/a>\n\t\t\t<\/div><\/figure>\n\t\t<\/div>\n\n<p>A.A. &#8211; R.H.<\/p>\n","protected":false},"excerpt":{"rendered":"<p>\u015eAM \u2013 Cumhurba\u015fkan\u0131 Be\u015f\u015far el Esad bug\u00fcn \u015eam\u2019\u0131n ev sahipli\u011fini yapt\u0131\u011f\u0131 19. Arap \u00d6\u011fretmenler Birli\u011fi genel konferans\u0131na kat\u0131lan sekretarya \u00fcyeleri ve birli\u011fe tabi kurum ba\u015fkanlar\u0131n\u0131 kabul etti. Kabulde Cumhurba\u015fkan\u0131 el Esad; g\u00fcn\u00fcm\u00fczde milleti hedef alan en tehlikeli \u015feyin, milli kimlik ve k\u00fclt\u00fcr\u00fc dejenere etme \u00e7abalar\u0131 oldu\u011funu belirtti. El Esad milli k\u00fclt\u00fcr ve kimli\u011fi korumakla birlikte &hellip;<\/p>\n","protected":false},"author":1,"featured_media":34038,"comment_status":"closed","ping_status":"closed","sticky":false,"template":"","format":"standard","meta":{"footnotes":""},"categories":[608,479,605,478],"tags":[],"class_list":["post-34035","post","type-post","status-publish","format-standard","has-post-thumbnail","","category-etkinlikler","category-haberler-yerel","category-sayin-cumhurbaskani","category-yerel"],"_links":{"self":[{"href":"https:\/\/archive.sana.sy\/tr\/index.php?rest_route=\/wp\/v2\/posts\/34035","targetHints":{"allow":["GET"]}}],"collection":[{"href":"https:\/\/archive.sana.sy\/tr\/index.php?rest_route=\/wp\/v2\/posts"}],"about":[{"href":"https:\/\/archive.sana.sy\/tr\/index.php?rest_route=\/wp\/v2\/types\/post"}],"author":[{"embeddable":true,"href":"https:\/\/archive.sana.sy\/tr\/index.php?rest_route=\/wp\/v2\/users\/1"}],"replies":[{"embeddable":true,"href":"https:\/\/archive.sana.sy\/tr\/index.php?rest_route=%2Fwp%2Fv2%2Fcomments&post=34035"}],"version-history":[{"count":0,"href":"https:\/\/archive.sana.sy\/tr\/index.php?rest_route=\/wp\/v2\/posts\/34035\/revisions"}],"wp:featuredmedia":[{"embeddable":true,"href":"https:\/\/archive.sana.sy\/tr\/index.php?rest_route=\/wp\/v2\/media\/34038"}],"wp:attachment":[{"href":"https:\/\/archive.sana.sy\/tr\/index.php?rest_route=%2Fwp%2Fv2%2Fmedia&parent=34035"}],"wp:term":[{"taxonomy":"category","embeddable":true,"href":"https:\/\/archive.sana.sy\/tr\/index.php?rest_route=%2Fwp%2Fv2%2Fcategories&post=34035"},{"taxonomy":"post_tag","embeddable":true,"href":"https:\/\/archive.sana.sy\/tr\/index.php?rest_route=%2Fwp%2Fv2%2Ftags&post=34035"}],"curies":[{"name":"wp","href":"https:\/\/api.w.org\/{rel}","templated":true}]}}