{"id":34097,"date":"2015-05-20T20:42:20","date_gmt":"2015-05-20T17:42:20","guid":{"rendered":"http:\/\/sana.sy\/tr\/?p=34097"},"modified":"2015-05-20T20:57:35","modified_gmt":"2015-05-20T17:57:35","slug":"ekonomik-yaptirimlar-saglik-hizmetlerini-etkiledi","status":"publish","type":"post","link":"https:\/\/archive.sana.sy\/tr\/?p=34097","title":{"rendered":"Ekonomik Yapt\u0131r\u0131mlar Sa\u011fl\u0131k Hizmetlerini Etkiledi"},"content":{"rendered":"<p>CENEVRE \u2013 Sa\u011fl\u0131k Bakan\u0131 Nizar Yaz\u0131c\u0131 Suriye&#8217;de sa\u011fl\u0131k sekt\u00f6r\u00fcn\u00fcn kriz \u00f6ncesinde \u00f6zellikle \u00e7ocuk ve anne sa\u011fl\u0131\u011f\u0131 alanlar\u0131nda \u00f6nemli ba\u015far\u0131lar kaydetti\u011fini, bu ba\u015far\u0131lar\u0131n da uluslar aras\u0131 \u00f6rg\u00fctlerin raporlar\u0131nda g\u00f6r\u00fcld\u00fc\u011f\u00fcn\u00fc belirtti.<\/p>\n<p>D\u00fcnya Sa\u011fl\u0131k \u00d6rg\u00fct\u00fc genel kurulunun Cenevre&#8217;de BM merkezinde d\u00fczenledi\u011fi 68. D\u00f6nem \u00e7al\u0131\u015fmalar\u0131nda Suriye heyetine ba\u015fkanl\u0131k eden Yaz\u0131c\u0131 Suriye ad\u0131na yapt\u0131\u011f\u0131 konu\u015fmada; Suriye&#8217;nin sa\u011fl\u0131k sekt\u00f6r\u00fcnde kaydetti\u011fi \u00fcst\u00fcn ba\u015far\u0131lara \u0131\u015f\u0131k tuttu. Bakan Yaz\u0131c\u0131 kriz \u00f6ncesinde Suriye&#8217;de piyasa ihtiyac\u0131n\u0131n %93\u2019\u00fcn\u00fc kar\u015f\u0131layan 70 ila\u00e7 \u015firketinin kuruldu\u011funa dikkat \u00e7ekti. Bununla Suriye&#8217;de ila\u00e7 g\u00fcvencesinin sa\u011fland\u0131\u011f\u0131n\u0131 s\u00f6yleyen Yaz\u0131c\u0131, ayn\u0131 zamanda Arap ve yabanc\u0131 58 devlete de ila\u00e7 ihracat\u0131 yapt\u0131\u011f\u0131n\u0131 ifade etti. Yaz\u0131c\u0131 Suriye&#8217;nin kriz \u00f6ncesinde sadece kimi nitelikli ila\u00e7lar\u0131 ithal etti\u011fini belirtirken, bu ba\u015far\u0131lar neticesinde Suriye&#8217;de vefat ya\u015f ortalamas\u0131n\u0131n 1970\u2019y\u0131l\u0131nda 56 y\u0131ldan 2009 y\u0131l\u0131nda 71.5 y\u0131la kadar y\u00fckseldi\u011fine dikkat \u00e7ekti.<\/p>\n<p>Bakan Yaz\u0131c\u0131 fakat Suriye&#8217;nin d\u00f6rt y\u0131ldan fazla bir s\u00fcredir maruz kald\u0131\u011f\u0131 evrensel ter\u00f6r sava\u015f\u0131nda sa\u011fl\u0131k sekt\u00f6r\u00fcn\u00fcn ciddi derecede zarar g\u00f6rd\u00fc\u011f\u00fcn\u00fc belirtti. D\u0131\u015f g\u00fc\u00e7ler taraf\u0131ndan desteklenen ve komuta edilen ter\u00f6r \u00f6rg\u00fctlerin sa\u011fl\u0131k sekt\u00f6r\u00fcn\u00fc sistematik ve kas\u0131tl\u0131 bir \u015fekilde hedef ald\u0131klar\u0131n\u0131 ifade eden Yaz\u0131c\u0131; ter\u00f6ristlerin sald\u0131r\u0131lar\u0131 sonucunda133 hastaneden 33 hastanenin sabote edilip hizmet d\u0131\u015f\u0131 kald\u0131\u011f\u0131n\u0131 s\u00f6yledi. Yaz\u0131c\u0131 ter\u00f6ristlerin sald\u0131r\u0131lar\u0131nda ayr\u0131ca en iyi \u015fekilde e\u011fitilmi\u015f sa\u011fl\u0131k personellerinden 202 ki\u015finin \u015fehit, 142 ki\u015finin de yaral\u0131 d\u00fc\u015ft\u00fcklerini belirtirken, ter\u00f6ristlerin ayn\u0131 zamanda t\u0131bbi konvoylara da sald\u0131rd\u0131klar\u0131n\u0131 belirtti.<\/p>\n<p>Suriye halk\u0131na timsah g\u00f6zya\u015flar\u0131 d\u00f6ken ve insani durumlar\u0131yla ticaret yapan kimi devletlerin Suriye&#8217;ye uygulad\u0131klar\u0131 ekonomik yapt\u0131r\u0131mlar\u0131n da sa\u011fl\u0131k sekt\u00f6r\u00fcne olumsuz etkilerine \u0131\u015f\u0131k tutan Yaz\u0131c\u0131; Sa\u011fl\u0131k Bakanl\u0131\u011f\u0131n\u0131n \u00e7ocuk a\u015f\u0131lar\u0131 ve bir k\u0131s\u0131m nitelikli ila\u00e7lar\u0131 temin etme \u00e7abalar\u0131n\u0131 sabote ettiklerini belirtti. Yaz\u0131c\u0131 bu yapt\u0131r\u0131mlar\u0131n ayn\u0131 zamanda t\u0131bbi ekipman ve cihazlar\u0131n teminini engelledi\u011fini, hizmette bulunan cihazlar i\u00e7in yedek par\u00e7a onar\u0131m \u00e7al\u0131\u015fmalar\u0131na da izin vermedi\u011finin alt\u0131n\u0131 \u00e7izdi.<\/p>\n<p>Bakan Yaz\u0131c\u0131 h\u00fck\u00fcmetin kriz ko\u015fullar\u0131 ve yapt\u0131r\u0131mlara ra\u011fmen vatanda\u015flar\u0131n\u0131n t\u00fcm sa\u011fl\u0131k hizmetlerini kar\u0131\u015f\u0131lamaya \u00e7al\u0131\u015ft\u0131\u011f\u0131n\u0131, bunu da dost devletlerin i\u015fbirli\u011fi ile yapt\u0131\u011f\u0131n\u0131 ifade etti. Suriye d\u00fc\u015fmanlar\u0131n\u0131n ter\u00f6r sava\u015f\u0131nda her t\u00fcrl\u00fc yola ba\u015fvurduklar\u0131na dikkat \u00e7eken Yaz\u0131c\u0131, Suriye halk\u0131 i\u00e7in timsah g\u00f6zya\u015flar\u0131 d\u00f6kt\u00fckleri bir zamanda bu halka kar\u015f\u0131 her t\u00fcrl\u00fc sava\u015f\u0131 y\u00fcr\u00fctt\u00fcklerini s\u00f6yledi. Yaz\u0131c\u0131 h\u00fck\u00fcmetin bu y\u00f6nde de salg\u0131n hastal\u0131klara kar\u015f\u0131 m\u00fccadelesinde \u00fcst\u00fcn ba\u015far\u0131 kaydetti\u011fini, \u00f6rnek olarak 1995 y\u0131l\u0131ndan beri yeni bir durum kaydedilmeyen ve 2013 y\u0131l\u0131nda yurtd\u0131\u015f\u0131ndan gelen ter\u00f6ristlerin yeninden getirdikleri \u00e7ocuk felcine kar\u015f\u0131 geni\u015f kapsaml\u0131 a\u015f\u0131 kampanyalar\u0131 ba\u015flatt\u0131\u011f\u0131na dikkat \u00e7ekti.<\/p>\n<p>Sa\u011fl\u0131k Bakan\u0131 Yaz\u0131c\u0131 Suriye h\u00fck\u00fcmetinin sa\u011fl\u0131k sekt\u00f6r\u00fcndeki \u00e7abalar\u0131nda D\u00fcnya Sa\u011fl\u0131k \u00d6rg\u00fct\u00fc ve di\u011fer uluslar aras\u0131 \u00f6rg\u00fctlerle birlikte Suriye dostlar\u0131 olan devletlerle i\u015fbirli\u011fi i\u00e7inde oldu\u011funa i\u015faret ederken, yard\u0131m ve katk\u0131lar\u0131ndan dolay\u0131 bu \u00f6rg\u00fct ve devletlere \u015f\u00fckranlar\u0131n\u0131 ifade etti.<\/p>\n<p>\u0130srail i\u015fgali alt\u0131ndaki Golan topraklar\u0131ndaki sa\u011fl\u0131k durumlar\u0131 konusunda ise Bakan Yaz\u0131c\u0131; i\u015fgal dayatmalar\u0131 alt\u0131ndaki Golanl\u0131 yurtta\u015flar\u0131m\u0131z\u0131n sa\u011fl\u0131k hizmetleri yoklu\u011fu nedeniyle zor ko\u015fullar alt\u0131nda ya\u015fad\u0131klar\u0131na dikkat \u00e7ekti. \u0130\u015fgalci \u0130srail&#8217;in Suriye&#8217;de siviller sald\u0131ran tekfirci ve hain ter\u00f6ristleri tedavi etti\u011fi bir zamanda Golanl\u0131 yurtta\u015flar\u0131m\u0131za gerekli sa\u011fl\u0131k hizmetlerini temin etmedi\u011fini belirten Yaz\u0131c\u0131; \u0130srail&#8217;in ter\u00f6ristlere tedavi hizmetlerine son vermesi ve Golanl\u0131 yurtta\u015flar\u0131m\u0131za gerekli sa\u011fl\u0131k hizmetlerini temin etmeye zorlanmas\u0131 \u00e7a\u011fr\u0131s\u0131nda bulundu.<\/p>\n<p>Konu\u015fmas\u0131n\u0131n sonunda Bakan Yaz\u0131c\u0131; ter\u00f6r\u00fc destekleyen devletlerin medyalar\u0131nda Suriye ve halk\u0131na kar\u015f\u0131 \u00e7\u0131kan as\u0131ls\u0131z haberlerin de psikolojik sava\u015f kapsam\u0131nda geldi\u011fine dikkat \u00e7ekti.<\/p>\n<p>Bakan yaz\u0131c\u0131 sonu\u00e7 itibar\u0131yla Suriye h\u00fck\u00fcmetinin vatanda\u015flar\u0131n\u0131n can ve mal g\u00fcvenli\u011fini sa\u011flaman\u0131n yan\u0131 s\u0131ra t\u0131bbi ihtiya\u00e7lar\u0131n\u0131 da kar\u015f\u0131lama kararl\u0131l\u0131\u011f\u0131 ve azminde oldu\u011funu belirtti.<\/p>\n<p>A.A. &#8211; M.M.<\/p>\n","protected":false},"excerpt":{"rendered":"<p>CENEVRE \u2013 Sa\u011fl\u0131k Bakan\u0131 Nizar Yaz\u0131c\u0131 Suriye&#8217;de sa\u011fl\u0131k sekt\u00f6r\u00fcn\u00fcn kriz \u00f6ncesinde \u00f6zellikle \u00e7ocuk ve anne sa\u011fl\u0131\u011f\u0131 alanlar\u0131nda \u00f6nemli ba\u015far\u0131lar kaydetti\u011fini, bu ba\u015far\u0131lar\u0131n da uluslar aras\u0131 \u00f6rg\u00fctlerin raporlar\u0131nda g\u00f6r\u00fcld\u00fc\u011f\u00fcn\u00fc belirtti. D\u00fcnya Sa\u011fl\u0131k \u00d6rg\u00fct\u00fc genel kurulunun Cenevre&#8217;de BM merkezinde d\u00fczenledi\u011fi 68. D\u00f6nem \u00e7al\u0131\u015fmalar\u0131nda Suriye heyetine ba\u015fkanl\u0131k eden Yaz\u0131c\u0131 Suriye ad\u0131na yapt\u0131\u011f\u0131 konu\u015fmada; Suriye&#8217;nin sa\u011fl\u0131k sekt\u00f6r\u00fcnde kaydetti\u011fi \u00fcst\u00fcn &hellip;<\/p>\n","protected":false},"author":1,"featured_media":34099,"comment_status":"closed","ping_status":"closed","sticky":false,"template":"","format":"standard","meta":{"footnotes":""},"categories":[458,459,447],"tags":[],"class_list":["post-34097","post","type-post","status-publish","format-standard","has-post-thumbnail","","category-dunya1","category-haberler-arap-uluslararasi-politika","category-politika"],"_links":{"self":[{"href":"https:\/\/archive.sana.sy\/tr\/index.php?rest_route=\/wp\/v2\/posts\/34097","targetHints":{"allow":["GET"]}}],"collection":[{"href":"https:\/\/archive.sana.sy\/tr\/index.php?rest_route=\/wp\/v2\/posts"}],"about":[{"href":"https:\/\/archive.sana.sy\/tr\/index.php?rest_route=\/wp\/v2\/types\/post"}],"author":[{"embeddable":true,"href":"https:\/\/archive.sana.sy\/tr\/index.php?rest_route=\/wp\/v2\/users\/1"}],"replies":[{"embeddable":true,"href":"https:\/\/archive.sana.sy\/tr\/index.php?rest_route=%2Fwp%2Fv2%2Fcomments&post=34097"}],"version-history":[{"count":0,"href":"https:\/\/archive.sana.sy\/tr\/index.php?rest_route=\/wp\/v2\/posts\/34097\/revisions"}],"wp:featuredmedia":[{"embeddable":true,"href":"https:\/\/archive.sana.sy\/tr\/index.php?rest_route=\/wp\/v2\/media\/34099"}],"wp:attachment":[{"href":"https:\/\/archive.sana.sy\/tr\/index.php?rest_route=%2Fwp%2Fv2%2Fmedia&parent=34097"}],"wp:term":[{"taxonomy":"category","embeddable":true,"href":"https:\/\/archive.sana.sy\/tr\/index.php?rest_route=%2Fwp%2Fv2%2Fcategories&post=34097"},{"taxonomy":"post_tag","embeddable":true,"href":"https:\/\/archive.sana.sy\/tr\/index.php?rest_route=%2Fwp%2Fv2%2Ftags&post=34097"}],"curies":[{"name":"wp","href":"https:\/\/api.w.org\/{rel}","templated":true}]}}