{"id":34102,"date":"2015-05-20T20:51:53","date_gmt":"2015-05-20T17:51:53","guid":{"rendered":"http:\/\/sana.sy\/tr\/?p=34102"},"modified":"2016-02-17T15:02:41","modified_gmt":"2016-02-17T13:02:41","slug":"34102","status":"publish","type":"post","link":"https:\/\/archive.sana.sy\/tr\/?p=34102","title":{"rendered":"Yerm\u00fck\u2019ten Tehcir Edilen Ailelere \u0130nsani Yard\u0131m Da\u011f\u0131t\u0131ld\u0131"},"content":{"rendered":"<p>\u015eAM \u2013 Suriye h\u00fck\u00fcmetinin deste\u011fi ve \u0130nsani Yard\u0131m Y\u00fcksek Komisyonunun g\u00f6zetimiyle Filistinli M\u00fclteciler Genel Kurulu ve BM Filistinli M\u00fcltecilere Yard\u0131m Ajans\u0131 UNRWA; Yerm\u00fck Semtinde ter\u00f6r \u00f6rg\u00fctlerin vah\u015fetinden ka\u00e7an ailelere g\u0131da ve t\u0131bbi yard\u0131mlar\u0131 da\u011f\u0131tmaya devam ediyor.<\/p>\n<p>Filistinli M\u00fclteciler Komitesi Genel M\u00fcd\u00fcr\u00fc Ali Mustafa SANA\u2019ya a\u00e7\u0131klamas\u0131nda Komite ve UNRWA\u2019n\u0131n \u015eam \u00c7evre Kent Valili\u011fi ile koordinasyon i\u00e7inde tehcir edilen ailelere muhtelif g\u0131da \u00fcr\u00fcnleri i\u00e7eren 1200 pakete ilaveten 3 bin paket ekmek da\u011f\u0131tt\u0131klar\u0131n\u0131 a\u00e7\u0131klad\u0131.<\/p>\n<p>Mustafa Yerm\u00fck\u2019te ter\u00f6ristlerin vah\u015fetlerinden ka\u00e7malar\u0131 ard\u0131ndan \u015eam k\u0131rsal\u0131n\u0131n Yelda, Babbila ve Beyt Sahm beldelerinde g\u00fcvenli ikamet merkezlerinde bulunan ailelerin sosyal ve t\u0131bbi durumlar\u0131n\u0131n takip edilmesi ve ihtiya\u00e7lar\u0131n\u0131n kar\u015f\u0131lanmas\u0131 \u00e7al\u0131\u015fmalar\u0131n\u0131n devam edece\u011fini s\u00f6yledi.<\/p>\n<p>M.M. &#8211; A.A.<\/p>\n","protected":false},"excerpt":{"rendered":"<p>\u015eAM \u2013 Suriye h\u00fck\u00fcmetinin deste\u011fi ve \u0130nsani Yard\u0131m Y\u00fcksek Komisyonunun g\u00f6zetimiyle Filistinli M\u00fclteciler Genel Kurulu ve BM Filistinli M\u00fcltecilere Yard\u0131m Ajans\u0131 UNRWA; Yerm\u00fck Semtinde ter\u00f6r \u00f6rg\u00fctlerin vah\u015fetinden ka\u00e7an ailelere g\u0131da ve t\u0131bbi yard\u0131mlar\u0131 da\u011f\u0131tmaya devam ediyor. Filistinli M\u00fclteciler Komitesi Genel M\u00fcd\u00fcr\u00fc Ali Mustafa SANA\u2019ya a\u00e7\u0131klamas\u0131nda Komite ve UNRWA\u2019n\u0131n \u015eam \u00c7evre Kent Valili\u011fi ile koordinasyon i\u00e7inde &hellip;<\/p>\n","protected":false},"author":1,"featured_media":34107,"comment_status":"closed","ping_status":"closed","sticky":false,"template":"","format":"standard","meta":{"footnotes":""},"categories":[479,575,478],"tags":[14701],"class_list":["post-34102","post","type-post","status-publish","format-standard","has-post-thumbnail","","category-haberler-yerel","category-olaylar-ve-gercekler","category-yerel","tag-yermukten-tehcir-edilen-ailelere-insani-yardim-dagitildi"],"_links":{"self":[{"href":"https:\/\/archive.sana.sy\/tr\/index.php?rest_route=\/wp\/v2\/posts\/34102","targetHints":{"allow":["GET"]}}],"collection":[{"href":"https:\/\/archive.sana.sy\/tr\/index.php?rest_route=\/wp\/v2\/posts"}],"about":[{"href":"https:\/\/archive.sana.sy\/tr\/index.php?rest_route=\/wp\/v2\/types\/post"}],"author":[{"embeddable":true,"href":"https:\/\/archive.sana.sy\/tr\/index.php?rest_route=\/wp\/v2\/users\/1"}],"replies":[{"embeddable":true,"href":"https:\/\/archive.sana.sy\/tr\/index.php?rest_route=%2Fwp%2Fv2%2Fcomments&post=34102"}],"version-history":[{"count":0,"href":"https:\/\/archive.sana.sy\/tr\/index.php?rest_route=\/wp\/v2\/posts\/34102\/revisions"}],"wp:featuredmedia":[{"embeddable":true,"href":"https:\/\/archive.sana.sy\/tr\/index.php?rest_route=\/wp\/v2\/media\/34107"}],"wp:attachment":[{"href":"https:\/\/archive.sana.sy\/tr\/index.php?rest_route=%2Fwp%2Fv2%2Fmedia&parent=34102"}],"wp:term":[{"taxonomy":"category","embeddable":true,"href":"https:\/\/archive.sana.sy\/tr\/index.php?rest_route=%2Fwp%2Fv2%2Fcategories&post=34102"},{"taxonomy":"post_tag","embeddable":true,"href":"https:\/\/archive.sana.sy\/tr\/index.php?rest_route=%2Fwp%2Fv2%2Ftags&post=34102"}],"curies":[{"name":"wp","href":"https:\/\/api.w.org\/{rel}","templated":true}]}}