{"id":34109,"date":"2015-05-21T09:35:42","date_gmt":"2015-05-21T06:35:42","guid":{"rendered":"http:\/\/sana.sy\/tr\/?p=34109"},"modified":"2015-05-21T09:45:51","modified_gmt":"2015-05-21T06:45:51","slug":"sinirda-yasayan-yemenliler-suudili-askeri-mevkii-basti-el-husi-suudililer-hicbir-kar-saglamadi","status":"publish","type":"post","link":"https:\/\/archive.sana.sy\/tr\/?p=34109","title":{"rendered":"S\u0131n\u0131rda Ya\u015fayan Yemenliler Suudili Askeri Mevkii Bast\u0131.. El Husi: Suudililer Hi\u00e7bir Kar Sa\u011flamad\u0131"},"content":{"rendered":"<p>SANAA \u2013 Suudi rejimi sava\u015f u\u00e7aklar\u0131n\u0131n d\u00fcn Yemen ortalar\u0131ndaki \u0130b Kentindeki \u015eeban B\u00f6lgesinde bulunan \u00d6zel Kuvvetler Kamp\u0131n\u0131 bombard\u0131man ate\u015fine tutmas\u0131 sonucunda 8 Yemenli \u00f6ld\u00fc baz\u0131lar\u0131 a\u011f\u0131r 5 ki\u015fi de yaraland\u0131.<\/p>\n<p>Kentte Yemen G\u00fcvenlik Kayna\u011f\u0131, Suudi sald\u0131r\u0131s\u0131n\u0131n d\u00fcn \u00f6\u011flen saatlerinde s\u00f6z konusu kampa bir ka\u00e7 bombard\u0131manla ger\u00e7ekle\u015ftirildi\u011fini, bu bombard\u0131manlarda 10 f\u00fczenin f\u0131rlat\u0131ld\u0131\u011f\u0131n\u0131 ve kentteki g\u00fcvenlik g\u00fc\u00e7lerinin hedef al\u0131nd\u0131\u011f\u0131n\u0131 s\u00f6yledi.<\/p>\n<p><span style=\"color: #0000ff\"> Yemenli S\u0131n\u0131r B\u00f6lge Vatanda\u015flar\u0131 Suudili Bir Askeri Mevkii Bast\u0131lar<\/span><\/p>\n<p>\u00dclkelerine y\u00f6nelik Suudi sald\u0131r\u0131lar\u0131na cevaben Yemen s\u0131n\u0131r b\u00f6lgeleri evlatlar\u0131 Suudili bir askeri mevkii basarak baz\u0131 askeri ara\u00e7lar\u0131 hedef ald\u0131.<\/p>\n<p><span style=\"color: #0000ff\">Yemenli Kabilelerin A\u00e7t\u0131\u011f\u0131 Ate\u015fle Cazan\u2019da Suudili 1 Asker \u00d6ld\u00fc<\/span><\/p>\n<p>\u00d6te yandan \u00c2l Suud otoriteleri, b\u00f6lgenin tan\u0131k oldu\u011fu \u00e7at\u0131\u015fmalar sonucunda yaralanan bir askerlerinin ald\u0131\u011f\u0131 yaradan etkilenerek \u00f6ld\u00fc\u011f\u00fcn\u00fc itiraf etti.<\/p>\n<p>Suudi Haber Ajans\u0131 \u00c2l Suud Krall\u0131\u011f\u0131nda \u0130\u00e7i\u015fleri\u00a0 Bakanl\u0131\u011f\u0131nda g\u00fcvenlik s\u00f6zc\u00fcs\u00fc, Cazan B\u00f6lgesindeki el Hars kesimindeki Ebu Redif Merkezinden asker Hasan Ali Abdo Sumayli\u2019nin \u00f6ld\u00fc\u011f\u00fcn\u00fc ifade etti.<\/p>\n<p>https:\/\/www.youtube.com\/watch?v=pSHqMs7oZjc<\/p>\n<p><span style=\"color: #0000ff\">El Husi: Yemen Halk\u0131na Y\u00f6nelik Suudi Sald\u0131r\u0131s\u0131 Hi\u00e7 Bir Kar Sa\u011flamad\u0131<\/span><\/p>\n<p>Kendi y\u00f6n\u00fcnden Yemenli Ensarullah Hareket Lideri Abdulmelik Bedreddin el Husi, 56 g\u00fcnden beri Yemen halk\u0131na y\u00f6nelik s\u00fcregelen \u201cillegal, barbar ve kanl\u0131\u201d sald\u0131r\u0131n\u0131n ba\u015far\u0131s\u0131z oldu\u011funu ve hi\u00e7 bir hedefine varmad\u0131\u011f\u0131n\u0131 belirterek, sald\u0131rganlar\u0131n uluslararas\u0131nca yasakl\u0131 silahlar kullanarak sivil, hastane ve ilk yard\u0131m merkezlerini hedef ald\u0131klar\u0131na dikkat \u00e7ekti.<\/p>\n<p>Yemenli El Mesire televizyonunun\u00a0 d\u00fcn ak\u015fam yay\u0131nlad\u0131\u011f\u0131 konu\u015fmas\u0131nda el Husi, Uluslararas\u0131 toplumun sald\u0131rganlar\u0131n bu yasakl\u0131 silahlar\u0131 kullanmalar\u0131na , sivil yerle\u015fim alanlar\u0131, hastane, \u00e7ocuk, kad\u0131n, ya\u015fl\u0131, okul ve mescitleri hedef almalar\u0131na suskun kalmalar\u0131n\u0131 sert bir dille ele\u015ftirdi.<\/p>\n<p>El Husi, b\u00fcy\u00fck g\u00fc\u00e7ler ve uluslararas\u0131 toplumun uluslararas\u0131 silahlar\u0131n kullan\u0131lmas\u0131na g\u00f6z yumduklar\u0131n\u0131 varsayarak, \u201cYemen halk\u0131na y\u00f6nelik zul\u00fcm hacminin\u201d sald\u0131rganlar\u0131 kovalayan bir utan\u00e7 lekesi olarak kalaca\u011f\u0131n\u0131 vurgulad\u0131.<\/p>\n<p>Yemen halk\u0131n\u0131n \u00e7at\u0131\u015fman\u0131n idrakinde oldu\u011funu bu \u00e7at\u0131\u015fman\u0131n kurtulu\u015f ve onur \u00e7at\u0131\u015fmas\u0131 oldu\u011funu bu y\u00fczden de bu sald\u0131r\u0131ya sabretti\u011fini belirten el Husi, Yemen\u2019in el Kaide taraf\u0131ndan m\u00fcbah k\u0131l\u0131nmamas\u0131 i\u00e7in \u201conur, kurtulu\u015f ve istiklal\u201d sava\u015f\u0131 ya\u015fad\u0131\u011f\u0131na dikkat \u00e7ekti.<\/p>\n<p>Ansarullah Hareket lideri el Husi, bu zalim sava\u015fta \u00c2l Suud rejiminin hedeflerine varmada hi\u00e7 bir ba\u015far\u0131 elde etmedi\u011fini bilakis, bu kindar,barbar ve vah\u015fi rejimin y\u00fcz\u00fcndeki maskeyi kald\u0131rd\u0131\u011f\u0131na dikkat \u00e7ekti.<\/p>\n<p>El Husi, Suudi Amerikan sald\u0131r\u0131s\u0131n\u0131n, kaim olan siyasi diyalogu durdurdu\u011funu, siyasi \u00e7\u00f6z\u00fcm anahtar\u0131n\u0131n tarafs\u0131z bir \u00fclkede BM denetimi alt\u0131nda Yemenli diyalogla temsil olundu\u011funu dile getirdi.<\/p>\n<p>El Husi, d\u00fcn sona eren Riyad Konferans\u0131n\u0131 Yemenliler aras\u0131nda \u00e7at\u0131\u015fma ve birbirleriyle sava\u015fma durumunu aktifle\u015ftirmeyi hedefleyen yeni bir komplo olarak\u00a0 nitelendirdi.<\/p>\n<p>El Husi, konferans\u0131n \u00fclkeyi \u00e7at\u0131\u015fmalara, sava\u015flara ve problemlere bo\u011fdu\u011funu, Yemen\u2019i g\u00fcven ve istikrardan mahrum etti\u011fini, Yemen\u2019de daha fazla kan\u0131n akmas\u0131 i\u00e7in \u00fclkeden ka\u00e7anlar\u0131 destekleme, kendilerine para ak\u0131tma ve Kaideyi desteklemeyi hedefledi\u011fine i\u015faret etti.<\/p>\n<p>S.\u015e. &#8211; R.H.<\/p>\n","protected":false},"excerpt":{"rendered":"<p>SANAA \u2013 Suudi rejimi sava\u015f u\u00e7aklar\u0131n\u0131n d\u00fcn Yemen ortalar\u0131ndaki \u0130b Kentindeki \u015eeban B\u00f6lgesinde bulunan \u00d6zel Kuvvetler Kamp\u0131n\u0131 bombard\u0131man ate\u015fine tutmas\u0131 sonucunda 8 Yemenli \u00f6ld\u00fc baz\u0131lar\u0131 a\u011f\u0131r 5 ki\u015fi de yaraland\u0131. Kentte Yemen G\u00fcvenlik Kayna\u011f\u0131, Suudi sald\u0131r\u0131s\u0131n\u0131n d\u00fcn \u00f6\u011flen saatlerinde s\u00f6z konusu kampa bir ka\u00e7 bombard\u0131manla ger\u00e7ekle\u015ftirildi\u011fini, bu bombard\u0131manlarda 10 f\u00fczenin f\u0131rlat\u0131ld\u0131\u011f\u0131n\u0131 ve kentteki g\u00fcvenlik g\u00fc\u00e7lerinin &hellip;<\/p>\n","protected":false},"author":1,"featured_media":34114,"comment_status":"closed","ping_status":"closed","sticky":false,"template":"","format":"standard","meta":{"footnotes":""},"categories":[458,459,447],"tags":[14704],"class_list":["post-34109","post","type-post","status-publish","format-standard","has-post-thumbnail","","category-dunya1","category-haberler-arap-uluslararasi-politika","category-politika","tag-sinirda-yasayan-yemenliler-suudili-askeri-mevkii-basti-el-husi-suudililer-hicbir-kar-saglamadi"],"_links":{"self":[{"href":"https:\/\/archive.sana.sy\/tr\/index.php?rest_route=\/wp\/v2\/posts\/34109","targetHints":{"allow":["GET"]}}],"collection":[{"href":"https:\/\/archive.sana.sy\/tr\/index.php?rest_route=\/wp\/v2\/posts"}],"about":[{"href":"https:\/\/archive.sana.sy\/tr\/index.php?rest_route=\/wp\/v2\/types\/post"}],"author":[{"embeddable":true,"href":"https:\/\/archive.sana.sy\/tr\/index.php?rest_route=\/wp\/v2\/users\/1"}],"replies":[{"embeddable":true,"href":"https:\/\/archive.sana.sy\/tr\/index.php?rest_route=%2Fwp%2Fv2%2Fcomments&post=34109"}],"version-history":[{"count":0,"href":"https:\/\/archive.sana.sy\/tr\/index.php?rest_route=\/wp\/v2\/posts\/34109\/revisions"}],"wp:featuredmedia":[{"embeddable":true,"href":"https:\/\/archive.sana.sy\/tr\/index.php?rest_route=\/wp\/v2\/media\/34114"}],"wp:attachment":[{"href":"https:\/\/archive.sana.sy\/tr\/index.php?rest_route=%2Fwp%2Fv2%2Fmedia&parent=34109"}],"wp:term":[{"taxonomy":"category","embeddable":true,"href":"https:\/\/archive.sana.sy\/tr\/index.php?rest_route=%2Fwp%2Fv2%2Fcategories&post=34109"},{"taxonomy":"post_tag","embeddable":true,"href":"https:\/\/archive.sana.sy\/tr\/index.php?rest_route=%2Fwp%2Fv2%2Ftags&post=34109"}],"curies":[{"name":"wp","href":"https:\/\/api.w.org\/{rel}","templated":true}]}}