{"id":34111,"date":"2015-05-21T09:44:15","date_gmt":"2015-05-21T06:44:15","guid":{"rendered":"http:\/\/sana.sy\/tr\/?p=34111"},"modified":"2015-05-21T09:44:15","modified_gmt":"2015-05-21T06:44:15","slug":"bogdanov-ve-haddad-suriyede-krizin-cozum-yollariyla-ilgili-gorus-alisverisinde-bulundu","status":"publish","type":"post","link":"https:\/\/archive.sana.sy\/tr\/?p=34111","title":{"rendered":"Bogdanov ve Haddad Suriye\u2019de Krizin \u00c7\u00f6z\u00fcm Yollar\u0131yla \u0130lgili G\u00f6r\u00fc\u015f Al\u0131\u015fveri\u015finde Bulundu"},"content":{"rendered":"<p>MOSKOVA \u2013 Rusya Ba\u015fkan\u0131 Ortado\u011fu \u0130\u015flerinden Sorumlu \u00d6zel Temsilcisi D\u0131\u015fi\u015fleri Bakan\u0131 Yard\u0131mc\u0131s\u0131 Mihail Bogdanov,\u00a0 Suriye\u2019nin Moskova B\u00fcy\u00fckel\u00e7isi Riyad Haddad ile Suriye ve b\u00f6lgedeki son geli\u015fmeleri ele ald\u0131.<\/p>\n<p>Rusya D\u0131\u015fi\u015fleri Bakanl\u0131\u011f\u0131 yay\u0131nlad\u0131\u011f\u0131 beyanda, g\u00f6r\u00fc\u015fmede 30 Haziran 2012 y\u0131l\u0131nda \u00e7\u0131kan Cenevre beyan\u0131 esas\u0131na dayal\u0131 olarak geni\u015f kapsaml\u0131 Suriyeli-Suriyeli diyalog yoluyla\u00a0 Suriye Arap Cumhuriyetinde siyasi \u00e7\u00f6z\u00fcme varma \u015fartlar\u0131n\u0131n sa\u011flanmas\u0131na y\u00f6nelik g\u00f6r\u00fc\u015f al\u0131\u015fveri\u015finde bulunduklar\u0131n\u0131 s\u00f6yledi.<\/p>\n<p>Beyan, g\u00f6r\u00fc\u015fmede Suriye\u2019deki tutum i\u00e7in acil tesviye, krizi a\u015fma ve sonu\u00e7lar\u0131n\u0131n genel olarak Ortado\u011fu\u2019daki g\u00fcven ve bar\u0131\u015f \u00e7\u0131karlar\u0131yla ba\u011fda\u015ft\u0131klar\u0131n\u0131 ifade etti.<\/p>\n<p>S.\u015e. &#8211; R.H.<\/p>\n","protected":false},"excerpt":{"rendered":"<p>MOSKOVA \u2013 Rusya Ba\u015fkan\u0131 Ortado\u011fu \u0130\u015flerinden Sorumlu \u00d6zel Temsilcisi D\u0131\u015fi\u015fleri Bakan\u0131 Yard\u0131mc\u0131s\u0131 Mihail Bogdanov,\u00a0 Suriye\u2019nin Moskova B\u00fcy\u00fckel\u00e7isi Riyad Haddad ile Suriye ve b\u00f6lgedeki son geli\u015fmeleri ele ald\u0131. Rusya D\u0131\u015fi\u015fleri Bakanl\u0131\u011f\u0131 yay\u0131nlad\u0131\u011f\u0131 beyanda, g\u00f6r\u00fc\u015fmede 30 Haziran 2012 y\u0131l\u0131nda \u00e7\u0131kan Cenevre beyan\u0131 esas\u0131na dayal\u0131 olarak geni\u015f kapsaml\u0131 Suriyeli-Suriyeli diyalog yoluyla\u00a0 Suriye Arap Cumhuriyetinde siyasi \u00e7\u00f6z\u00fcme varma \u015fartlar\u0131n\u0131n &hellip;<\/p>\n","protected":false},"author":1,"featured_media":34112,"comment_status":"closed","ping_status":"closed","sticky":false,"template":"","format":"standard","meta":{"footnotes":""},"categories":[458,459,447],"tags":[14702,14703],"class_list":["post-34111","post","type-post","status-publish","format-standard","has-post-thumbnail","","category-dunya1","category-haberler-arap-uluslararasi-politika","category-politika","tag-bogdanov-ve-haddad-suriyede-krizin-cozum-yollariyla-ilgili-gorus-alisverisinde-bulundu-moskova-rusya-baskani-ortadogu-islerinden-sorumlu-ozel-temsilcisi-disisleri-bakani-yardimcisi","tag-suriyenin-moskova-buyukelcisi-riyad-haddad-ile-suriye-ve-bolgedeki-son-gelismeleri-ele-aldi"],"_links":{"self":[{"href":"https:\/\/archive.sana.sy\/tr\/index.php?rest_route=\/wp\/v2\/posts\/34111","targetHints":{"allow":["GET"]}}],"collection":[{"href":"https:\/\/archive.sana.sy\/tr\/index.php?rest_route=\/wp\/v2\/posts"}],"about":[{"href":"https:\/\/archive.sana.sy\/tr\/index.php?rest_route=\/wp\/v2\/types\/post"}],"author":[{"embeddable":true,"href":"https:\/\/archive.sana.sy\/tr\/index.php?rest_route=\/wp\/v2\/users\/1"}],"replies":[{"embeddable":true,"href":"https:\/\/archive.sana.sy\/tr\/index.php?rest_route=%2Fwp%2Fv2%2Fcomments&post=34111"}],"version-history":[{"count":0,"href":"https:\/\/archive.sana.sy\/tr\/index.php?rest_route=\/wp\/v2\/posts\/34111\/revisions"}],"wp:featuredmedia":[{"embeddable":true,"href":"https:\/\/archive.sana.sy\/tr\/index.php?rest_route=\/wp\/v2\/media\/34112"}],"wp:attachment":[{"href":"https:\/\/archive.sana.sy\/tr\/index.php?rest_route=%2Fwp%2Fv2%2Fmedia&parent=34111"}],"wp:term":[{"taxonomy":"category","embeddable":true,"href":"https:\/\/archive.sana.sy\/tr\/index.php?rest_route=%2Fwp%2Fv2%2Fcategories&post=34111"},{"taxonomy":"post_tag","embeddable":true,"href":"https:\/\/archive.sana.sy\/tr\/index.php?rest_route=%2Fwp%2Fv2%2Ftags&post=34111"}],"curies":[{"name":"wp","href":"https:\/\/api.w.org\/{rel}","templated":true}]}}