{"id":34146,"date":"2015-05-21T15:22:19","date_gmt":"2015-05-21T12:22:19","guid":{"rendered":"http:\/\/sana.sy\/tr\/?p=34146"},"modified":"2015-05-21T15:27:44","modified_gmt":"2015-05-21T12:27:44","slug":"tahil-sezonu-icin-gerekli-mali-icraatlar-alindi","status":"publish","type":"post","link":"https:\/\/archive.sana.sy\/tr\/?p=34146","title":{"rendered":"Tah\u0131l Sezonu i\u00e7in Gerekli Mali \u0130craatlar Al\u0131nd\u0131"},"content":{"rendered":"<p>\u015eAM \u2013 Tar\u0131m Bakan\u0131 Ahmet el Kadiri Bakanl\u0131\u011f\u0131n bu ay sonlar\u0131nda Tah\u0131l \u00dcretimi ve Pazarlama Kamu Kurumu, \u0130statistik Merkezi ve \u00c7ift\u00e7iler Genel Birli\u011fi ile i\u015fbirli\u011fi i\u00e7inde 2015 y\u0131l\u0131 tar\u0131m sezonunda \u00fcretilen tah\u0131l miktar\u0131n\u0131 de\u011ferlendirme amac\u0131yla istatistik \u00e7al\u0131\u015fmalar\u0131nda bulunaca\u011f\u0131n\u0131 a\u00e7\u0131klad\u0131.<\/p>\n<p>SANA ekonomi b\u00fcltenine has a\u00e7\u0131klamas\u0131nda Bakan Kadiri; ekili alanlara g\u00f6re bu\u011fday \u00fcretiminin bu y\u0131l yakla\u015f\u0131k 3 milyon tonu a\u015faca\u011f\u0131 tahminlerinde bulundu. Kadiri tah\u0131l sezonu istatistiklerinin tah\u0131l \u00fcr\u00fcnlerinin olgunla\u015fmas\u0131 ard\u0131ndan yap\u0131laca\u011f\u0131na i\u015faret ederken, bu istatistiklerde belirli bilimsel y\u00f6ntemler kullan\u0131laca\u011f\u0131n\u0131 ifade etti.<\/p>\n<p>Bakan Kadiri tah\u0131l sezonu i\u00e7in h\u00fck\u00fcmetin Maliye Bakanl\u0131\u011f\u0131 ve Merkez Bankas\u0131na tah\u0131l sezonlar\u0131 kar\u015f\u0131l\u0131\u011f\u0131nda \u00e7ift\u00e7ilere \u00f6denecek b\u00fct\u00e7eyi haz\u0131rlamakla y\u00fck\u00fcmlendirdi\u011fini s\u00f6yledi. Tah\u0131l sezonlar\u0131 kar\u015f\u0131l\u0131\u011f\u0131nda paran\u0131n derhal teslim merkezlerinde \u00f6denece\u011fini belirten Kadiri; t\u00fcm illerde tah\u0131l teslim merkezlerinin bulundu\u011funu s\u00f6yledi.<\/p>\n<p>Bu arada Tah\u0131l \u00dcretimi ve Pazarlama Kamu Kurumu tah\u0131l sezonunu toplamak i\u00e7in gerekli \u00f6nlem ve icraatlar\u0131 al\u0131rken; fiyatlar\u0131 te\u015fvik edici \u015fekilde belirledi.<\/p>\n<p>A.A. &#8211; M.M.<\/p>\n","protected":false},"excerpt":{"rendered":"<p>\u015eAM \u2013 Tar\u0131m Bakan\u0131 Ahmet el Kadiri Bakanl\u0131\u011f\u0131n bu ay sonlar\u0131nda Tah\u0131l \u00dcretimi ve Pazarlama Kamu Kurumu, \u0130statistik Merkezi ve \u00c7ift\u00e7iler Genel Birli\u011fi ile i\u015fbirli\u011fi i\u00e7inde 2015 y\u0131l\u0131 tar\u0131m sezonunda \u00fcretilen tah\u0131l miktar\u0131n\u0131 de\u011ferlendirme amac\u0131yla istatistik \u00e7al\u0131\u015fmalar\u0131nda bulunaca\u011f\u0131n\u0131 a\u00e7\u0131klad\u0131. SANA ekonomi b\u00fcltenine has a\u00e7\u0131klamas\u0131nda Bakan Kadiri; ekili alanlara g\u00f6re bu\u011fday \u00fcretiminin bu y\u0131l yakla\u015f\u0131k 3 &hellip;<\/p>\n","protected":false},"author":1,"featured_media":34149,"comment_status":"closed","ping_status":"closed","sticky":false,"template":"","format":"standard","meta":{"footnotes":""},"categories":[485,486,479,478],"tags":[14717],"class_list":["post-34146","post","type-post","status-publish","format-standard","has-post-thumbnail","","category-is-ve-sermaye","category-haberler-is-ve-sermaye","category-haberler-yerel","category-yerel","tag-tahil-sezonu-icin-gerekli-mali-icraatlar-alindi"],"_links":{"self":[{"href":"https:\/\/archive.sana.sy\/tr\/index.php?rest_route=\/wp\/v2\/posts\/34146","targetHints":{"allow":["GET"]}}],"collection":[{"href":"https:\/\/archive.sana.sy\/tr\/index.php?rest_route=\/wp\/v2\/posts"}],"about":[{"href":"https:\/\/archive.sana.sy\/tr\/index.php?rest_route=\/wp\/v2\/types\/post"}],"author":[{"embeddable":true,"href":"https:\/\/archive.sana.sy\/tr\/index.php?rest_route=\/wp\/v2\/users\/1"}],"replies":[{"embeddable":true,"href":"https:\/\/archive.sana.sy\/tr\/index.php?rest_route=%2Fwp%2Fv2%2Fcomments&post=34146"}],"version-history":[{"count":0,"href":"https:\/\/archive.sana.sy\/tr\/index.php?rest_route=\/wp\/v2\/posts\/34146\/revisions"}],"wp:featuredmedia":[{"embeddable":true,"href":"https:\/\/archive.sana.sy\/tr\/index.php?rest_route=\/wp\/v2\/media\/34149"}],"wp:attachment":[{"href":"https:\/\/archive.sana.sy\/tr\/index.php?rest_route=%2Fwp%2Fv2%2Fmedia&parent=34146"}],"wp:term":[{"taxonomy":"category","embeddable":true,"href":"https:\/\/archive.sana.sy\/tr\/index.php?rest_route=%2Fwp%2Fv2%2Fcategories&post=34146"},{"taxonomy":"post_tag","embeddable":true,"href":"https:\/\/archive.sana.sy\/tr\/index.php?rest_route=%2Fwp%2Fv2%2Ftags&post=34146"}],"curies":[{"name":"wp","href":"https:\/\/api.w.org\/{rel}","templated":true}]}}