{"id":34151,"date":"2015-05-21T15:56:15","date_gmt":"2015-05-21T12:56:15","guid":{"rendered":"http:\/\/sana.sy\/tr\/?p=34151"},"modified":"2015-05-21T16:32:39","modified_gmt":"2015-05-21T13:32:39","slug":"suriye-standi-yine-buyuk-ilgi-topladi","status":"publish","type":"post","link":"https:\/\/archive.sana.sy\/tr\/?p=34151","title":{"rendered":"Suriye Stand\u0131 Yine B\u00fcy\u00fck \u0130lgi Toplad\u0131"},"content":{"rendered":"<p>FLOR\u0130DA \u2013 ABD&#8217;nin Florida Eyaletindeki Jacksonville Kentinde d\u00fczenlenen \u2018Muhtelif Milletler Kutlamalar\u0131 Festivalinde Suriye stand\u0131 ard\u0131 ard\u0131na ikinci y\u0131l\u0131nda b\u00fcy\u00fck bir ilgi ve be\u011feni toplad\u0131.<\/p>\n<p><a href=\"http:\/\/sana.sy\/tr\/wp-content\/uploads\/2015\/05\/Suriye-Stand\u0131-Yine-B\u00fcy\u00fck-\u0130lgi-Toplad\u0131-1.jpg\"><img loading=\"lazy\" decoding=\"async\" class=\"alignright wp-image-34154 size-medium\" src=\"http:\/\/sana.sy\/tr\/wp-content\/uploads\/2015\/05\/Suriye-Stand\u0131-Yine-B\u00fcy\u00fck-\u0130lgi-Toplad\u0131-1-300x225.jpg\" alt=\"Suriye Stand\u0131 Yine B\u00fcy\u00fck \u0130lgi Toplad\u0131 1\" width=\"300\" height=\"225\" srcset=\"https:\/\/archive.sana.sy\/tr\/wp-content\/uploads\/2015\/05\/Suriye-Stand\u0131-Yine-B\u00fcy\u00fck-\u0130lgi-Toplad\u0131-1-300x225.jpg 300w, https:\/\/archive.sana.sy\/tr\/wp-content\/uploads\/2015\/05\/Suriye-Stand\u0131-Yine-B\u00fcy\u00fck-\u0130lgi-Toplad\u0131-1-150x113.jpg 150w, https:\/\/archive.sana.sy\/tr\/wp-content\/uploads\/2015\/05\/Suriye-Stand\u0131-Yine-B\u00fcy\u00fck-\u0130lgi-Toplad\u0131-1.jpg 620w\" sizes=\"auto, (max-width: 300px) 100vw, 300px\" \/><\/a>Suriye \u2013 Amerika Forumunun d\u00fczenledi\u011fi Suriye stand\u0131 Suriye&#8217;deki uygarl\u0131klar ve folklora \u0131\u015f\u0131k tutmas\u0131na ilaveten Suriye&#8217;de bir k\u0131s\u0131m geleneksel el sanatlar\u0131na dikkat \u00e7ekiyor. Ayn\u0131 zamanda Suriye mutfa\u011f\u0131nda bilinen halk yemekleri de i\u00e7eriyor.<\/p>\n<p>Stant organizat\u00f6r\u00fc Miray Bitar Suriye&#8217;nin bu y\u0131l ki kat\u0131l\u0131m\u0131n\u0131n Amerikal\u0131 yerel bas\u0131n taraf\u0131ndan yo\u011fun ilgiyle ayr\u0131cal\u0131k kazand\u0131\u011f\u0131n\u0131 aktard\u0131. Bitar ABD\u2019li yerel bas\u0131n\u0131n Suriye&#8217;yi uygarl\u0131klar be\u015fi\u011fi olarak nitelendirdi\u011fini ve be\u015feri tarihin Suriye&#8217;den ba\u015flad\u0131\u011f\u0131na dikkat \u00e7ekti\u011fini ifade etti.<\/p>\n<p>Suriyeli gurbet\u00e7ilerin etkinlikte anavatanlar\u0131n\u0131 tan\u0131tan folklor sunumlar\u0131yla kat\u0131ld\u0131klar\u0131n\u0131 belirten Bitar; stant ziyaret\u00e7ilerinin z\u0131lg\u0131t ve Suriye&#8217;nin ayr\u0131cal\u0131\u011f\u0131 olan yasemin \u00e7i\u00e7ekleriyle kar\u015f\u0131lan\u0131p u\u011furland\u0131klar\u0131na i\u015faret etti.<\/p>\n<p>A.A. &#8211; M.M.<\/p>\n","protected":false},"excerpt":{"rendered":"<p>FLOR\u0130DA \u2013 ABD&#8217;nin Florida Eyaletindeki Jacksonville Kentinde d\u00fczenlenen \u2018Muhtelif Milletler Kutlamalar\u0131 Festivalinde Suriye stand\u0131 ard\u0131 ard\u0131na ikinci y\u0131l\u0131nda b\u00fcy\u00fck bir ilgi ve be\u011feni toplad\u0131. Suriye \u2013 Amerika Forumunun d\u00fczenledi\u011fi Suriye stand\u0131 Suriye&#8217;deki uygarl\u0131klar ve folklora \u0131\u015f\u0131k tutmas\u0131na ilaveten Suriye&#8217;de bir k\u0131s\u0131m geleneksel el sanatlar\u0131na dikkat \u00e7ekiyor. Ayn\u0131 zamanda Suriye mutfa\u011f\u0131nda bilinen halk yemekleri de i\u00e7eriyor. &hellip;<\/p>\n","protected":false},"author":1,"featured_media":34153,"comment_status":"closed","ping_status":"closed","sticky":false,"template":"","format":"standard","meta":{"footnotes":""},"categories":[458,459,447],"tags":[],"class_list":["post-34151","post","type-post","status-publish","format-standard","has-post-thumbnail","","category-dunya1","category-haberler-arap-uluslararasi-politika","category-politika"],"_links":{"self":[{"href":"https:\/\/archive.sana.sy\/tr\/index.php?rest_route=\/wp\/v2\/posts\/34151","targetHints":{"allow":["GET"]}}],"collection":[{"href":"https:\/\/archive.sana.sy\/tr\/index.php?rest_route=\/wp\/v2\/posts"}],"about":[{"href":"https:\/\/archive.sana.sy\/tr\/index.php?rest_route=\/wp\/v2\/types\/post"}],"author":[{"embeddable":true,"href":"https:\/\/archive.sana.sy\/tr\/index.php?rest_route=\/wp\/v2\/users\/1"}],"replies":[{"embeddable":true,"href":"https:\/\/archive.sana.sy\/tr\/index.php?rest_route=%2Fwp%2Fv2%2Fcomments&post=34151"}],"version-history":[{"count":0,"href":"https:\/\/archive.sana.sy\/tr\/index.php?rest_route=\/wp\/v2\/posts\/34151\/revisions"}],"wp:featuredmedia":[{"embeddable":true,"href":"https:\/\/archive.sana.sy\/tr\/index.php?rest_route=\/wp\/v2\/media\/34153"}],"wp:attachment":[{"href":"https:\/\/archive.sana.sy\/tr\/index.php?rest_route=%2Fwp%2Fv2%2Fmedia&parent=34151"}],"wp:term":[{"taxonomy":"category","embeddable":true,"href":"https:\/\/archive.sana.sy\/tr\/index.php?rest_route=%2Fwp%2Fv2%2Fcategories&post=34151"},{"taxonomy":"post_tag","embeddable":true,"href":"https:\/\/archive.sana.sy\/tr\/index.php?rest_route=%2Fwp%2Fv2%2Ftags&post=34151"}],"curies":[{"name":"wp","href":"https:\/\/api.w.org\/{rel}","templated":true}]}}