{"id":3419,"date":"2014-06-19T12:21:57","date_gmt":"2014-06-19T09:21:57","guid":{"rendered":"http:\/\/sanasyria.org\/tr\/?p=3419"},"modified":"2014-06-19T12:24:24","modified_gmt":"2014-06-19T09:24:24","slug":"lavrov-uluslararasi-teror-butun-dunya-icin-tehlike-unsurudur","status":"publish","type":"post","link":"https:\/\/archive.sana.sy\/tr\/?p=3419","title":{"rendered":"Lavrov: Uluslararas\u0131 Ter\u00f6r B\u00fct\u00fcn D\u00fcnya \u0130\u00e7in Tehlike Unsurudur"},"content":{"rendered":"<p><span style=\"color: #800000\">BAK\u00dc \u2013<\/span> Rusya D\u0131\u015fi\u015fleri Bakan\u0131 Sergey Lavrov; Ortado\u011fu b\u00f6lgesinde uluslararas\u0131 ter\u00f6r faaliyetlerinin artmas\u0131n\u0131n b\u00fct\u00fcn d\u00fcnya i\u00e7in bir tehdit te\u015fkil etti\u011fini dile getirdi.<\/p>\n<p>ITAR-TASS haber ajans\u0131, LAvrov\u2019un Azerbeycan\u2019a d\u00fczenledi\u011fi ziyarete ili\u015fkin yay\u0131nlad\u0131\u011f\u0131 haberde; Azerbeycanl\u0131 Mevkida\u015f\u0131 Elmar Memmedyarov d\u00fcn Bak\u00fc\u2019de bir araya gelen Lavrov\u2019un Suriye ve Irak\u2019ta t\u0131rmanan uluslararas\u0131 ter\u00f6r olaylar\u0131n\u0131n b\u00fct\u00fcn d\u00fcnya i\u00e7in bir tehlike te\u015fkil etti\u011fini dile getirdi\u011fini aktard\u0131.<\/p>\n<p>Ortado\u011fu\u2019da ya\u015fanan durumlarla ilgili Azerbeycanl\u0131 Mevkida\u015f\u0131 ile g\u00f6r\u00fc\u015f al\u0131\u015fveri\u015finde bulunan Lavrov; uluslararas\u0131 ter\u00f6rle m\u00fccadelenin Rusya ve Azerbaycan\u2019\u0131n ortak sorumlulu\u011fu oldu\u011funa de\u011finerek bu alandaki anla\u015fma ve g\u00f6r\u00fc\u015fmelerin yo\u011funla\u015ft\u0131r\u0131lmas\u0131n\u0131n \u00f6nemine dikkat \u00e7ekti.<\/p>\n","protected":false},"excerpt":{"rendered":"<p>BAK\u00dc \u2013 Rusya D\u0131\u015fi\u015fleri Bakan\u0131 Sergey Lavrov; Ortado\u011fu b\u00f6lgesinde uluslararas\u0131 ter\u00f6r faaliyetlerinin artmas\u0131n\u0131n b\u00fct\u00fcn d\u00fcnya i\u00e7in bir tehdit te\u015fkil etti\u011fini dile getirdi. ITAR-TASS haber ajans\u0131, LAvrov\u2019un Azerbeycan\u2019a d\u00fczenledi\u011fi ziyarete ili\u015fkin yay\u0131nlad\u0131\u011f\u0131 haberde; Azerbeycanl\u0131 Mevkida\u015f\u0131 Elmar Memmedyarov d\u00fcn Bak\u00fc\u2019de bir araya gelen Lavrov\u2019un Suriye ve Irak\u2019ta t\u0131rmanan uluslararas\u0131 ter\u00f6r olaylar\u0131n\u0131n b\u00fct\u00fcn d\u00fcnya i\u00e7in bir tehlike te\u015fkil &hellip;<\/p>\n","protected":false},"author":1,"featured_media":3420,"comment_status":"closed","ping_status":"closed","sticky":false,"template":"","format":"standard","meta":{"footnotes":""},"categories":[458,459],"tags":[747],"class_list":["post-3419","post","type-post","status-publish","format-standard","has-post-thumbnail","","category-dunya1","category-haberler-arap-uluslararasi-politika","tag-lavrov-uluslararasi-teror-butun-dunya-icin-tehlike-unsurudur"],"_links":{"self":[{"href":"https:\/\/archive.sana.sy\/tr\/index.php?rest_route=\/wp\/v2\/posts\/3419","targetHints":{"allow":["GET"]}}],"collection":[{"href":"https:\/\/archive.sana.sy\/tr\/index.php?rest_route=\/wp\/v2\/posts"}],"about":[{"href":"https:\/\/archive.sana.sy\/tr\/index.php?rest_route=\/wp\/v2\/types\/post"}],"author":[{"embeddable":true,"href":"https:\/\/archive.sana.sy\/tr\/index.php?rest_route=\/wp\/v2\/users\/1"}],"replies":[{"embeddable":true,"href":"https:\/\/archive.sana.sy\/tr\/index.php?rest_route=%2Fwp%2Fv2%2Fcomments&post=3419"}],"version-history":[{"count":0,"href":"https:\/\/archive.sana.sy\/tr\/index.php?rest_route=\/wp\/v2\/posts\/3419\/revisions"}],"wp:featuredmedia":[{"embeddable":true,"href":"https:\/\/archive.sana.sy\/tr\/index.php?rest_route=\/wp\/v2\/media\/3420"}],"wp:attachment":[{"href":"https:\/\/archive.sana.sy\/tr\/index.php?rest_route=%2Fwp%2Fv2%2Fmedia&parent=3419"}],"wp:term":[{"taxonomy":"category","embeddable":true,"href":"https:\/\/archive.sana.sy\/tr\/index.php?rest_route=%2Fwp%2Fv2%2Fcategories&post=3419"},{"taxonomy":"post_tag","embeddable":true,"href":"https:\/\/archive.sana.sy\/tr\/index.php?rest_route=%2Fwp%2Fv2%2Ftags&post=3419"}],"curies":[{"name":"wp","href":"https:\/\/api.w.org\/{rel}","templated":true}]}}