{"id":34213,"date":"2015-05-22T13:58:30","date_gmt":"2015-05-22T10:58:30","guid":{"rendered":"http:\/\/sana.sy\/tr\/?p=34213"},"modified":"2015-05-22T13:58:30","modified_gmt":"2015-05-22T10:58:30","slug":"sananin-cisressugurdaki-muhabiri-cisressugur-devlet-hastanesindeki-kahramanlarimiz-sehit-ve-yaralilarini-omuzlarinda-tasiyarak-hastaneden-tahliye-edildi-kahramanlarimiz-civardaki","status":"publish","type":"post","link":"https:\/\/archive.sana.sy\/tr\/?p=34213","title":{"rendered":"SANA\u2019n\u0131n Cisre\u015f\u015fu\u011fur\u2019daki Muhabiri: Cisre\u015f\u015fu\u011fur Devlet Hastanesindeki kahramanlar\u0131m\u0131z, \u015fehit ve yaral\u0131lar\u0131n\u0131 omuzlar\u0131nda ta\u015f\u0131yarak hastaneden tahliye edildi. Kahramanlar\u0131m\u0131z civardaki silah arkada\u015flar\u0131na kat\u0131ld\u0131lar."},"content":{"rendered":"<p>SANA\u2019n\u0131n Cisre\u015f\u015fu\u011fur\u2019daki Muhabiri: Cisre\u015f\u015fu\u011fur Devlet<br \/>\nHastanesindeki kahramanlar\u0131m\u0131z, \u015fehit ve yaral\u0131lar\u0131n\u0131 omuzlar\u0131nda ta\u015f\u0131yarak<br \/>\nhastaneden tahliye edildi. Kahramanlar\u0131m\u0131z civardaki silah arkada\u015flar\u0131na<br \/>\nkat\u0131ld\u0131lar.<\/p>\n","protected":false},"excerpt":{"rendered":"<p>SANA\u2019n\u0131n Cisre\u015f\u015fu\u011fur\u2019daki Muhabiri: Cisre\u015f\u015fu\u011fur Devlet Hastanesindeki kahramanlar\u0131m\u0131z, \u015fehit ve yaral\u0131lar\u0131n\u0131 omuzlar\u0131nda ta\u015f\u0131yarak hastaneden tahliye edildi. Kahramanlar\u0131m\u0131z civardaki silah arkada\u015flar\u0131na kat\u0131ld\u0131lar.<\/p>\n","protected":false},"author":1,"featured_media":0,"comment_status":"closed","ping_status":"closed","sticky":false,"template":"","format":"standard","meta":{"footnotes":""},"categories":[1],"tags":[14720,14721],"class_list":["post-34213","post","type-post","status-publish","format-standard","","category-news-not-sorted","tag-sananin-cisressugurdaki-muhabiri-cisressugur-devlet-hastanesindeki-kahramanlarimiz","tag-sehit-ve-yaralilarini-omuzlarinda-tasiyarak-hastaneden-tahliye-edildi-kahramanlarimiz-civardaki-silah-arkadaslarina-katildilar"],"_links":{"self":[{"href":"https:\/\/archive.sana.sy\/tr\/index.php?rest_route=\/wp\/v2\/posts\/34213","targetHints":{"allow":["GET"]}}],"collection":[{"href":"https:\/\/archive.sana.sy\/tr\/index.php?rest_route=\/wp\/v2\/posts"}],"about":[{"href":"https:\/\/archive.sana.sy\/tr\/index.php?rest_route=\/wp\/v2\/types\/post"}],"author":[{"embeddable":true,"href":"https:\/\/archive.sana.sy\/tr\/index.php?rest_route=\/wp\/v2\/users\/1"}],"replies":[{"embeddable":true,"href":"https:\/\/archive.sana.sy\/tr\/index.php?rest_route=%2Fwp%2Fv2%2Fcomments&post=34213"}],"version-history":[{"count":0,"href":"https:\/\/archive.sana.sy\/tr\/index.php?rest_route=\/wp\/v2\/posts\/34213\/revisions"}],"wp:attachment":[{"href":"https:\/\/archive.sana.sy\/tr\/index.php?rest_route=%2Fwp%2Fv2%2Fmedia&parent=34213"}],"wp:term":[{"taxonomy":"category","embeddable":true,"href":"https:\/\/archive.sana.sy\/tr\/index.php?rest_route=%2Fwp%2Fv2%2Fcategories&post=34213"},{"taxonomy":"post_tag","embeddable":true,"href":"https:\/\/archive.sana.sy\/tr\/index.php?rest_route=%2Fwp%2Fv2%2Ftags&post=34213"}],"curies":[{"name":"wp","href":"https:\/\/api.w.org\/{rel}","templated":true}]}}