{"id":34218,"date":"2015-05-22T17:00:45","date_gmt":"2015-05-22T14:00:45","guid":{"rendered":"http:\/\/sana.sy\/tr\/?p=34218"},"modified":"2015-05-23T14:56:40","modified_gmt":"2015-05-23T11:56:40","slug":"cisressugur-hastanesindeki-askerlerimiz-tahliye-edildi","status":"publish","type":"post","link":"https:\/\/archive.sana.sy\/tr\/?p=34218","title":{"rendered":"Cisre\u015f\u015fu\u011fur Hastanesindeki Askerlerimiz Tahliye Edildi"},"content":{"rendered":"<p>\u0130DL\u0130B \u2013 \u0130dlib \u0130line tabi Cisre\u015f\u015fu\u011fur Kasabas\u0131n\u0131n devlet hastanesinde T\u00fcrkiye&#8217;deki rejimin destekledi\u011fi binlerce ter\u00f6riste bir aya yak\u0131n s\u00fcredir kahramanca direnen askerlerimiz bug\u00fcn sabah saatlerinde nitelikli bir operasyonla ba\u015far\u0131yla tahliye edildiler.<\/p>\n<p>Cisre\u015f\u015fu\u011fur\u2019da askeri bir kaynak ordu birliklerimizin sabah saatlerinde ger\u00e7ekle\u015ftirdikleri nitelikli operasyonla Nusra Cephesinin yan\u0131 s\u0131ra tekfirci ve hain daha ba\u015fka ter\u00f6r \u00e7etelerinden \u2018Fetih Ordusu\u2019 ad\u0131 alt\u0131nda olu\u015fturulan ter\u00f6ristlerin katil T\u00fcrkiye rejiminin deste\u011fi ile hastaneye uygulad\u0131klar\u0131 ter\u00f6r ablukas\u0131n\u0131n ba\u015far\u0131yla k\u0131r\u0131ld\u0131\u011f\u0131n\u0131 belirtti. Kaynak hava g\u00fc\u00e7lerimiz ve top\u00e7u birliklerimizin deste\u011fi ile d\u00fczenlenen operasyonda hastanede haftalard\u0131r mahsur kalan askerlerimizin yaral\u0131 ve \u015fehit silah arkada\u015flar\u0131n\u0131 omuzlar\u0131nda ta\u015f\u0131yarak \u0130dlib k\u0131rsal\u0131nda ordu birliklerimizin mevkilerine ge\u00e7tiklerini s\u00f6yledi.<\/p>\n<p>A.A. &#8211; M.M.<\/p>\n","protected":false},"excerpt":{"rendered":"<p>\u0130DL\u0130B \u2013 \u0130dlib \u0130line tabi Cisre\u015f\u015fu\u011fur Kasabas\u0131n\u0131n devlet hastanesinde T\u00fcrkiye&#8217;deki rejimin destekledi\u011fi binlerce ter\u00f6riste bir aya yak\u0131n s\u00fcredir kahramanca direnen askerlerimiz bug\u00fcn sabah saatlerinde nitelikli bir operasyonla ba\u015far\u0131yla tahliye edildiler. Cisre\u015f\u015fu\u011fur\u2019da askeri bir kaynak ordu birliklerimizin sabah saatlerinde ger\u00e7ekle\u015ftirdikleri nitelikli operasyonla Nusra Cephesinin yan\u0131 s\u0131ra tekfirci ve hain daha ba\u015fka ter\u00f6r \u00e7etelerinden \u2018Fetih Ordusu\u2019 ad\u0131 &hellip;<\/p>\n","protected":false},"author":1,"featured_media":34221,"comment_status":"closed","ping_status":"closed","sticky":false,"template":"","format":"standard","meta":{"footnotes":""},"categories":[575],"tags":[14725],"class_list":["post-34218","post","type-post","status-publish","format-standard","has-post-thumbnail","","category-olaylar-ve-gercekler","tag-cisressugur-hastanesindeki-askerlerimiz-tahliye-edildi"],"_links":{"self":[{"href":"https:\/\/archive.sana.sy\/tr\/index.php?rest_route=\/wp\/v2\/posts\/34218","targetHints":{"allow":["GET"]}}],"collection":[{"href":"https:\/\/archive.sana.sy\/tr\/index.php?rest_route=\/wp\/v2\/posts"}],"about":[{"href":"https:\/\/archive.sana.sy\/tr\/index.php?rest_route=\/wp\/v2\/types\/post"}],"author":[{"embeddable":true,"href":"https:\/\/archive.sana.sy\/tr\/index.php?rest_route=\/wp\/v2\/users\/1"}],"replies":[{"embeddable":true,"href":"https:\/\/archive.sana.sy\/tr\/index.php?rest_route=%2Fwp%2Fv2%2Fcomments&post=34218"}],"version-history":[{"count":0,"href":"https:\/\/archive.sana.sy\/tr\/index.php?rest_route=\/wp\/v2\/posts\/34218\/revisions"}],"wp:featuredmedia":[{"embeddable":true,"href":"https:\/\/archive.sana.sy\/tr\/index.php?rest_route=\/wp\/v2\/media\/34221"}],"wp:attachment":[{"href":"https:\/\/archive.sana.sy\/tr\/index.php?rest_route=%2Fwp%2Fv2%2Fmedia&parent=34218"}],"wp:term":[{"taxonomy":"category","embeddable":true,"href":"https:\/\/archive.sana.sy\/tr\/index.php?rest_route=%2Fwp%2Fv2%2Fcategories&post=34218"},{"taxonomy":"post_tag","embeddable":true,"href":"https:\/\/archive.sana.sy\/tr\/index.php?rest_route=%2Fwp%2Fv2%2Ftags&post=34218"}],"curies":[{"name":"wp","href":"https:\/\/api.w.org\/{rel}","templated":true}]}}