{"id":34235,"date":"2015-05-22T21:03:55","date_gmt":"2015-05-22T18:03:55","guid":{"rendered":"http:\/\/sana.sy\/tr\/?p=34235"},"modified":"2015-05-23T13:49:54","modified_gmt":"2015-05-23T10:49:54","slug":"teror-ve-destekcileri-hezimet-ustune-hezimet-yasiyorlar-2","status":"publish","type":"post","link":"https:\/\/archive.sana.sy\/tr\/?p=34235","title":{"rendered":"Ter\u00f6r ve Destek\u00e7ileri Hezimet \u00dcst\u00fcne Hezimet Ya\u015f\u0131yorlar"},"content":{"rendered":"<p>\u0130LLER \u2013 Bin y\u0131llardan bu yana karde\u015flik, ho\u015fg\u00f6r\u00fc, sevgi ve uygarl\u0131k timsali haline gelmi\u015f \u015fanl\u0131 vatan topraklar\u0131m\u0131za d\u0131\u015f g\u00fc\u00e7lerin deste\u011fi ile bula\u015f\u0131c\u0131 bir hastal\u0131k gibi bula\u015fan silahl\u0131 ter\u00f6r gruplar\u0131 kahraman birliklerimizin kar\u015f\u0131s\u0131nda hezimet \u00fcst\u00fcne hezimet ya\u015f\u0131yorlar.<\/p>\n<p><span style=\"color: #0000ff\">\u015eAM KIRSALI:<\/span><\/p>\n<p>Vatan koruyucular\u0131m\u0131z \u015eam k\u0131rsal\u0131n\u0131n Do\u011fu \u011euta, Kalemun ve Han el \u015eiyh b\u00f6lgelerinde tekfirci ve vatan haini ter\u00f6ristlere y\u00f6nelik operasyonlar\u0131n\u0131 s\u00fcrd\u00fcr\u00fcrken, aralar\u0131nda T\u00fcrkiyeli, Suudili, Libyal\u0131 ve daha ba\u015fka uyruklular\u0131n bulundu\u011fu \u00e7ok say\u0131da ter\u00f6risti \u00f6ld\u00fcrd\u00fc.<\/p>\n<p>Askeri kaynak Duma Kentinin Ba\u011fdadi Camii yak\u0131nlar\u0131nda \u2018\u0130slam T\u00fcmeni\u2019 mevkilerini hedef alan ordu birliklerimizin aralar\u0131nda tan\u0131nm\u0131\u015f tehlikeli isimlerin bulundu\u011fu 30\u2019dan fazla ter\u00f6risti \u00f6ld\u00fcrd\u00fcklerini aktard\u0131. Kaynak \u00f6ld\u00fcr\u00fclen bu ter\u00f6ristlerin aras\u0131nda Suudi Arabistan, Birle\u015fik Arap Emirlikleri, \u00dcrd\u00fcn ve Tunus\u2019tan kiral\u0131k tekfircilerin bulundu\u011funa dikkat \u00e7ekti.<\/p>\n<p>Duma Kentinin g\u00fcneyindeki \u00e7iftliklerde ise ter\u00f6ristlerin bir mevkiini muhtevalar\u0131yla imha eden ordu birliklerimiz; aralar\u0131nda T\u00fcrkiyeli Numan Kurtulmu\u015f\u2019un yan\u0131 s\u0131ra Suudili ve daha ba\u015fka uyruklu olduk\u00e7a tehlikeli isimlerin bulundu\u011fu \u00e7ok say\u0131da ter\u00f6risti a\u011f\u0131r silahlar\u0131yla birlikte etkisizle\u015ftirdi.<\/p>\n<p>Haresta, Cobar ve Ayn Terma b\u00f6lgelerinde operasyonlar\u0131n\u0131 s\u00fcrd\u00fcren ordu birliklerimiz buralarda da \u00e7ok say\u0131da ter\u00f6risti \u00f6l\u00fc yaral\u0131 d\u00fc\u015f\u00fcrd\u00fc.<\/p>\n<p>Erbin Beldesinde de operasyonlar\u0131n\u0131 s\u00fcrd\u00fcren ordu birliklerimiz, bir k\u0131sm\u0131n\u0131n kimli\u011fi tespit edildi\u011fi \u00e7ok say\u0131da ter\u00f6risti \u00f6ld\u00fcrd\u00fc.<\/p>\n<p>Biri a\u011f\u0131r makineli silahla donat\u0131lm\u0131\u015f 2 arac\u0131n imha edildi\u011fi Deyr Selman \u00c7iftliklerinde de ordu birliklerimiz S\u00fcleyman Abd\u00fclhadi, Ziyat el Kasir, Nizar Fa\u011fur, Mansur \u0130zzettin ve daha ba\u015fkalar\u0131n\u0131n kimli\u011fi tespit edildi\u011fi \u00e7ok say\u0131da ter\u00f6risti \u00f6ld\u00fcrd\u00fc.<\/p>\n<p>\u015eam k\u0131rsal\u0131n\u0131n g\u00fcneybat\u0131s\u0131 Han el \u015eiyh tar\u0131m arazilerinde \u0130srail ve \u00dcrd\u00fcn ile direk koordinasyonla faaliyet g\u00f6steren Nusra Cephesinin bir karargah\u0131n\u0131 muhtevalar\u0131yla imha eden ordu birliklerimiz, tan\u0131nm\u0131\u015f tehlikeli isimlerin aralar\u0131nda bulundu\u011fu bir\u00e7ok ter\u00f6risti ekipmanlar\u0131yla etkisizle\u015ftirdi.<\/p>\n<p>L\u00fcbnan direni\u015f g\u00fc\u00e7leriyle i\u015fbirli\u011fi i\u00e7inde stratejik ilerlemelerini s\u00fcrd\u00fcrd\u00fckleri Kalemun Da\u011flar\u0131nda ordu birliklerimiz, Ras el Hisan Tepesinde Nusra Cephesinden \u00e7ok say\u0131da ter\u00f6risti \u00f6ld\u00fcrd\u00fc. Operasyonda 23 mm kalibreli a\u011f\u0131r makineli silah\u0131n monte edildi\u011fi iki ara\u00e7 da y\u00fckleriyle birlikte imha edildi.<\/p>\n<p><span style=\"color: #0000ff\">DERA :<\/span><\/p>\n<p>Askeri kaynak; ordu birliklerimizin Dera Beled\u2019in muhtelif b\u00f6lgelerinde \u2018Ahrar el \u015eam \u0130slami Hareketi\u2019 ve Nusra Cephesine ait toplanma yerleri ve mevkilerini hedef almalar\u0131yla \u00e7ok say\u0131da ter\u00f6risti \u00f6l\u00fc ve yaral\u0131 d\u00fc\u015f\u00fcrd\u00fcklerini ifade etti.<\/p>\n<p>Kaynak; Dera Mahatta \u2013 Kamp ekseninde ise Nusra Cephesi ve di\u011fer \u00f6rg\u00fctlerin yuva ve siperlerini hedef alan ordu birliklerimizin bir\u00e7ok ter\u00f6risti \u00f6l\u00fc ve yaral\u0131 d\u00fc\u015f\u00fcr\u00fcp havzalar\u0131nda bulunan silah ve m\u00fchimmat\u0131 da imha ettiklerini belirtti.<\/p>\n<p>Ordu birliklerimizin Dera k\u0131rsal\u0131 Lucat B\u00f6lgesine d\u00fc\u015fen el Mesmiye K\u00f6y\u00fcne ilaveten el Mal Tepesinde Nusra Cephesi karargah ve yuvalar\u0131na kar\u015f\u0131 operasyonlar\u0131n\u0131 s\u00fcrd\u00fcrd\u00fcklerini aktaran kaynak; y\u00fcksek say\u0131da ter\u00f6risti \u00f6l\u00fc ve yaral\u0131 d\u00fc\u015f\u00fcr\u00fcp cephane ve silahlar\u0131n\u0131 da imha ettiklerini s\u00f6zlerine ekledi.<\/p>\n<p><span style=\"color: #0000ff\">KUNAYTRA :<\/span><\/p>\n<p>Bu arada askeri kaynak; ordu birliklerimizin Kunaytra k\u0131rsal\u0131n\u0131n do\u011fusu Tel Meshara B\u00f6lgesinde ter\u00f6ristlerin yuva ve k\u00fcmelenme yerlerini imha ettiklerini s\u00f6yledi. Kaynak; operasyonlarda onlarca ter\u00f6ristin \u00f6l\u00fc ve yaral\u0131 d\u00fc\u015f\u00fcr\u00fcl\u00fcp ara\u00e7, cephane ve silahlar\u0131n\u0131n da imha edildi\u011fine dikkat \u00e7ekti.<\/p>\n<p>\u00d6te yandan ordu birliklerimiz Kunaytra k\u0131rsal\u0131n\u0131n kuzeydo\u011fusu Bat\u0131 Samadaniye K\u00f6y\u00fcnde ter\u00f6ristlere ait a\u011f\u0131r makineli silahlarla donat\u0131lm\u0131\u015f ara\u00e7lara ilaveten muhtelif t\u00fcr silahlar\u0131n\u0131 imha ederken bir\u00e7ok ter\u00f6risti \u00f6l\u00fc ve yaral\u0131 d\u00fc\u015f\u00fcrd\u00fc.<\/p>\n<p><span style=\"color: #0000ff\">HOMS :<\/span><\/p>\n<p>Askeri kaynak; ordu birliklerimizin Homs k\u0131rsal\u0131n\u0131n do\u011fusu Bat\u0131 Sellam K\u00f6y\u00fcnde I\u015e\u0130D\u2019e ait toplanma yerleri ve siperleri muhtevalar\u0131yla birlikte yok ettiklerini belirtti.<\/p>\n<p>Kaynak; operasyonlarda \u00e7ok say\u0131da ter\u00f6ristin \u00f6l\u00fc ve yaral\u0131 d\u00fc\u015f\u00fcr\u00fcl\u00fcp ter\u00f6r sald\u0131r\u0131lar\u0131nda kulland\u0131klar\u0131 bir dozerin imha edildi\u011fine dikkat \u00e7ekti.<\/p>\n<p><span style=\"color: #0000ff\">HALEP :<\/span><\/p>\n<p>Halep ve k\u0131rsal\u0131nda Erdo\u011fan \u00e7etelerine y\u00f6nelik operasyonlar\u0131n\u0131 s\u00fcrd\u00fcren ordu birliklerimiz; Hava Akademisi civar\u0131, Beni Zeyd, Zibdiye, Mansura, Kefar Hamra, Firdevs, Anedan, E\u015frefiye, \u015eear, Treks Tepesi, Amriye ve Selahettin b\u00f6lelerinde bir dii mevkilerini muhtevalar\u0131yla imha etti.<\/p>\n<p>Operasyonlarda aralar\u0131nda yabanc\u0131 ve saha komutanlar\u0131n\u0131n bulundu\u011fu olduk\u00e7a y\u00fcksek say\u0131da ter\u00f6rist bir dizi ara\u00e7 ve b\u00fcy\u00fck mikatrda cephaneleriyle birlikte imha edildi.\u200f<\/p>\n<p>M.M. &#8211; A.A.<\/p>\n","protected":false},"excerpt":{"rendered":"<p>\u0130LLER \u2013 Bin y\u0131llardan bu yana karde\u015flik, ho\u015fg\u00f6r\u00fc, sevgi ve uygarl\u0131k timsali haline gelmi\u015f \u015fanl\u0131 vatan topraklar\u0131m\u0131za d\u0131\u015f g\u00fc\u00e7lerin deste\u011fi ile bula\u015f\u0131c\u0131 bir hastal\u0131k gibi bula\u015fan silahl\u0131 ter\u00f6r gruplar\u0131 kahraman birliklerimizin kar\u015f\u0131s\u0131nda hezimet \u00fcst\u00fcne hezimet ya\u015f\u0131yorlar. \u015eAM KIRSALI: Vatan koruyucular\u0131m\u0131z \u015eam k\u0131rsal\u0131n\u0131n Do\u011fu \u011euta, Kalemun ve Han el \u015eiyh b\u00f6lgelerinde tekfirci ve vatan haini ter\u00f6ristlere &hellip;<\/p>\n","protected":false},"author":1,"featured_media":34238,"comment_status":"closed","ping_status":"closed","sticky":false,"template":"","format":"standard","meta":{"footnotes":""},"categories":[575],"tags":[],"class_list":["post-34235","post","type-post","status-publish","format-standard","has-post-thumbnail","","category-olaylar-ve-gercekler"],"_links":{"self":[{"href":"https:\/\/archive.sana.sy\/tr\/index.php?rest_route=\/wp\/v2\/posts\/34235","targetHints":{"allow":["GET"]}}],"collection":[{"href":"https:\/\/archive.sana.sy\/tr\/index.php?rest_route=\/wp\/v2\/posts"}],"about":[{"href":"https:\/\/archive.sana.sy\/tr\/index.php?rest_route=\/wp\/v2\/types\/post"}],"author":[{"embeddable":true,"href":"https:\/\/archive.sana.sy\/tr\/index.php?rest_route=\/wp\/v2\/users\/1"}],"replies":[{"embeddable":true,"href":"https:\/\/archive.sana.sy\/tr\/index.php?rest_route=%2Fwp%2Fv2%2Fcomments&post=34235"}],"version-history":[{"count":0,"href":"https:\/\/archive.sana.sy\/tr\/index.php?rest_route=\/wp\/v2\/posts\/34235\/revisions"}],"wp:featuredmedia":[{"embeddable":true,"href":"https:\/\/archive.sana.sy\/tr\/index.php?rest_route=\/wp\/v2\/media\/34238"}],"wp:attachment":[{"href":"https:\/\/archive.sana.sy\/tr\/index.php?rest_route=%2Fwp%2Fv2%2Fmedia&parent=34235"}],"wp:term":[{"taxonomy":"category","embeddable":true,"href":"https:\/\/archive.sana.sy\/tr\/index.php?rest_route=%2Fwp%2Fv2%2Fcategories&post=34235"},{"taxonomy":"post_tag","embeddable":true,"href":"https:\/\/archive.sana.sy\/tr\/index.php?rest_route=%2Fwp%2Fv2%2Ftags&post=34235"}],"curies":[{"name":"wp","href":"https:\/\/api.w.org\/{rel}","templated":true}]}}