{"id":34240,"date":"2015-05-22T16:01:00","date_gmt":"2015-05-22T13:01:00","guid":{"rendered":"http:\/\/sana.sy\/tr\/?p=34240"},"modified":"2015-05-23T13:14:52","modified_gmt":"2015-05-23T10:14:52","slug":"sam-kirsalinda-bir-sehit-iki-yarali","status":"publish","type":"post","link":"https:\/\/archive.sana.sy\/tr\/?p=34240","title":{"rendered":"\u015eam K\u0131rsal\u0131nda Bir \u015eehit; \u0130ki Yaral\u0131"},"content":{"rendered":"<p>\u015eAM KIRSALI \u2013 \u0130hvanc\u0131 Erdo\u011fan ve Vahabi \u00c2l Suud rejimlerine ba\u011fl\u0131 ter\u00f6r \u00f6rg\u00fctleri \u015eam k\u0131rsal\u0131 Vafidin Kamp\u0131n\u0131 iki havan mermisiyle hedef ald\u0131.<\/p>\n<p>Emniyet M\u00fcd\u00fcrl\u00fc\u011f\u00fcnde bir kaynak SANA\u2019ya a\u00e7\u0131klamas\u0131nda \u015eam k\u0131rsal\u0131 Duma \u00e7iftliklerinde bulunan ter\u00f6ristlerin f\u0131rlatt\u0131\u011f\u0131 iki havan mermisinin Vafidin Kamp\u0131na d\u00fc\u015fmesi sonucunda bir vatanda\u015f\u0131n \u015fehit d\u00fc\u015ft\u00fc\u011f\u00fcn\u00fc; iki vatanda\u015f\u0131n da yaraland\u0131\u011f\u0131n\u0131 ifade etti.<\/p>\n<p>M.M. &#8211; A.A.<\/p>\n","protected":false},"excerpt":{"rendered":"<p>\u015eAM KIRSALI \u2013 \u0130hvanc\u0131 Erdo\u011fan ve Vahabi \u00c2l Suud rejimlerine ba\u011fl\u0131 ter\u00f6r \u00f6rg\u00fctleri \u015eam k\u0131rsal\u0131 Vafidin Kamp\u0131n\u0131 iki havan mermisiyle hedef ald\u0131. Emniyet M\u00fcd\u00fcrl\u00fc\u011f\u00fcnde bir kaynak SANA\u2019ya a\u00e7\u0131klamas\u0131nda \u015eam k\u0131rsal\u0131 Duma \u00e7iftliklerinde bulunan ter\u00f6ristlerin f\u0131rlatt\u0131\u011f\u0131 iki havan mermisinin Vafidin Kamp\u0131na d\u00fc\u015fmesi sonucunda bir vatanda\u015f\u0131n \u015fehit d\u00fc\u015ft\u00fc\u011f\u00fcn\u00fc; iki vatanda\u015f\u0131n da yaraland\u0131\u011f\u0131n\u0131 ifade etti. M.M. &#8211; A.A.<\/p>\n","protected":false},"author":1,"featured_media":34244,"comment_status":"closed","ping_status":"closed","sticky":false,"template":"","format":"standard","meta":{"footnotes":""},"categories":[575],"tags":[14728],"class_list":["post-34240","post","type-post","status-publish","format-standard","has-post-thumbnail","","category-olaylar-ve-gercekler","tag-sam-kirsalinda-bir-sehit-iki-yarali"],"_links":{"self":[{"href":"https:\/\/archive.sana.sy\/tr\/index.php?rest_route=\/wp\/v2\/posts\/34240","targetHints":{"allow":["GET"]}}],"collection":[{"href":"https:\/\/archive.sana.sy\/tr\/index.php?rest_route=\/wp\/v2\/posts"}],"about":[{"href":"https:\/\/archive.sana.sy\/tr\/index.php?rest_route=\/wp\/v2\/types\/post"}],"author":[{"embeddable":true,"href":"https:\/\/archive.sana.sy\/tr\/index.php?rest_route=\/wp\/v2\/users\/1"}],"replies":[{"embeddable":true,"href":"https:\/\/archive.sana.sy\/tr\/index.php?rest_route=%2Fwp%2Fv2%2Fcomments&post=34240"}],"version-history":[{"count":0,"href":"https:\/\/archive.sana.sy\/tr\/index.php?rest_route=\/wp\/v2\/posts\/34240\/revisions"}],"wp:featuredmedia":[{"embeddable":true,"href":"https:\/\/archive.sana.sy\/tr\/index.php?rest_route=\/wp\/v2\/media\/34244"}],"wp:attachment":[{"href":"https:\/\/archive.sana.sy\/tr\/index.php?rest_route=%2Fwp%2Fv2%2Fmedia&parent=34240"}],"wp:term":[{"taxonomy":"category","embeddable":true,"href":"https:\/\/archive.sana.sy\/tr\/index.php?rest_route=%2Fwp%2Fv2%2Fcategories&post=34240"},{"taxonomy":"post_tag","embeddable":true,"href":"https:\/\/archive.sana.sy\/tr\/index.php?rest_route=%2Fwp%2Fv2%2Ftags&post=34240"}],"curies":[{"name":"wp","href":"https:\/\/api.w.org\/{rel}","templated":true}]}}