{"id":34262,"date":"2015-05-23T11:09:14","date_gmt":"2015-05-23T08:09:14","guid":{"rendered":"http:\/\/sana.sy\/tr\/?p=34262"},"modified":"2015-05-23T12:33:57","modified_gmt":"2015-05-23T09:33:57","slug":"guvenlik-konseyi-tadmur-ahalisine-sadece-derin-endisesini-dile-getirdi","status":"publish","type":"post","link":"https:\/\/archive.sana.sy\/tr\/?p=34262","title":{"rendered":"G\u00fcvenlik Konseyi Tadmur Ahalisine Sadece Derin Endi\u015fesini Dile Getirdi"},"content":{"rendered":"<p>B\u0130RLE\u015eM\u0130\u015e M\u0130LLETLER \u2013 Uluslararas\u0131 G\u00fcvenlik Konseyi I\u015e\u0130D ter\u00f6r \u00f6rg\u00fct\u00fcn\u00fcn ele ge\u00e7irmesi ard\u0131ndan, tarihi Tedmur kentinde kalan vatanda\u015flar\u0131n durumlar\u0131na y\u00f6nelik \u201cderin endi\u015fesini\u201d dile getirmekle yetindi.<\/p>\n<p>AFP, G\u00fcvenlik Konseyi 15 \u00fcyesinin toplu karar\u0131yla \u00e7\u0131kan ba\u015fkanl\u0131k beyan\u0131ndaki s\u00f6zlerinden naklen, i\u00e7inde tecav\u00fcz, zorla evlilik ve \u00e7ocuklar\u0131 zorla saflar\u0131nda sava\u015ft\u0131rman\u0131n da bulundu\u011fu, kad\u0131n ve \u00e7ocuklar\u0131 ka\u00e7\u0131r\u0131p istismar etmek ve onlara sald\u0131rmak dahil I\u015e\u0130D ter\u00f6r \u00f6rg\u00fct\u00fcn\u00fcn bilinen uygulamalar\u0131na nazaran Tedmur\u2019daki kad\u0131n ve \u00e7ocuklar\u0131n gelece\u011fine y\u00f6nelik endi\u015fesini dile getirdi.<\/p>\n<p>Konsey, sivillere g\u00fcvenli ge\u00e7i\u015f yolunun a\u00e7\u0131lmas\u0131n\u0131 talep ederek, vatanda\u015flar\u0131n\u0131 korumak i\u00e7in sorumlulu\u011fun ilk derecede Suriye h\u00fck\u00fcmetine d\u00fc\u015ft\u00fc\u011f\u00fcn\u00fc hat\u0131rlatt\u0131.<\/p>\n<p>Suriye ve Irak\u2019ta k\u00fclt\u00fcr miras\u0131n\u0131n \u00f6zellikle I\u015e\u0130D ter\u00f6r \u00f6rg\u00fct\u00fcn\u00fcn i\u015fledi\u011fi y\u0131k\u0131ma y\u00f6nelik k\u0131namas\u0131n\u0131 yineleyerek, UNESCO D\u00fcnya Miras\u0131 listesinde yer alan Tedmur (Palmyra) eserlerinin ak\u0131betine y\u00f6nelik derin endi\u015fesini dile getirdi.<\/p>\n<p>Birle\u015fmi\u015f Milletler E\u011fitim Bilim ve K\u00fclt\u00fcr \u00d6rg\u00fct\u00fc UNESCO Genel M\u00fcd\u00fcr\u00fc \u0130rina Bokova; I\u015e\u0130D \u00d6rg\u00fct\u00fcn\u00fcn Suriye\u2019nin d\u00fcnya folklor listesinde yer alan Tedmur Kentine y\u00f6nelik herhangi bir sald\u0131r\u0131s\u0131n\u0131n sadece sava\u015f su\u00e7u de\u011fil insanl\u0131k a\u00e7\u0131s\u0131ndan b\u00fcy\u00fck bir kay\u0131p olaca\u011f\u0131n\u0131 belirtmi\u015f, bu ba\u011flamda G\u00fcvenlik Konseyi ve d\u00fcnya liderlerine, Irakl\u0131 Nemrud eserleri ve Musul M\u00fczesinde olanlar\u0131n Tedmur&#8217;da tekrarlanmamas\u0131 i\u00e7in meseleyi ara\u015ft\u0131rmak ve ortak bir \u00e7a\u011fr\u0131 yap\u0131lmas\u0131na davet \u00e7\u0131karm\u0131\u015ft\u0131.<\/p>\n<p>S.\u015e<\/p>\n","protected":false},"excerpt":{"rendered":"<p>B\u0130RLE\u015eM\u0130\u015e M\u0130LLETLER \u2013 Uluslararas\u0131 G\u00fcvenlik Konseyi I\u015e\u0130D ter\u00f6r \u00f6rg\u00fct\u00fcn\u00fcn ele ge\u00e7irmesi ard\u0131ndan, tarihi Tedmur kentinde kalan vatanda\u015flar\u0131n durumlar\u0131na y\u00f6nelik \u201cderin endi\u015fesini\u201d dile getirmekle yetindi. AFP, G\u00fcvenlik Konseyi 15 \u00fcyesinin toplu karar\u0131yla \u00e7\u0131kan ba\u015fkanl\u0131k beyan\u0131ndaki s\u00f6zlerinden naklen, i\u00e7inde tecav\u00fcz, zorla evlilik ve \u00e7ocuklar\u0131 zorla saflar\u0131nda sava\u015ft\u0131rman\u0131n da bulundu\u011fu, kad\u0131n ve \u00e7ocuklar\u0131 ka\u00e7\u0131r\u0131p istismar etmek ve onlara &hellip;<\/p>\n","protected":false},"author":1,"featured_media":34263,"comment_status":"closed","ping_status":"closed","sticky":false,"template":"","format":"standard","meta":{"footnotes":""},"categories":[458,459,447,2554],"tags":[14733],"class_list":["post-34262","post","type-post","status-publish","format-standard","has-post-thumbnail","","category-dunya1","category-haberler-arap-uluslararasi-politika","category-politika","category-suriye-ve-dunya","tag-guvenlik-konseyi-tadmur-ahalisine-sadece-derin-endisesini-dile-getirdi"],"_links":{"self":[{"href":"https:\/\/archive.sana.sy\/tr\/index.php?rest_route=\/wp\/v2\/posts\/34262","targetHints":{"allow":["GET"]}}],"collection":[{"href":"https:\/\/archive.sana.sy\/tr\/index.php?rest_route=\/wp\/v2\/posts"}],"about":[{"href":"https:\/\/archive.sana.sy\/tr\/index.php?rest_route=\/wp\/v2\/types\/post"}],"author":[{"embeddable":true,"href":"https:\/\/archive.sana.sy\/tr\/index.php?rest_route=\/wp\/v2\/users\/1"}],"replies":[{"embeddable":true,"href":"https:\/\/archive.sana.sy\/tr\/index.php?rest_route=%2Fwp%2Fv2%2Fcomments&post=34262"}],"version-history":[{"count":0,"href":"https:\/\/archive.sana.sy\/tr\/index.php?rest_route=\/wp\/v2\/posts\/34262\/revisions"}],"wp:featuredmedia":[{"embeddable":true,"href":"https:\/\/archive.sana.sy\/tr\/index.php?rest_route=\/wp\/v2\/media\/34263"}],"wp:attachment":[{"href":"https:\/\/archive.sana.sy\/tr\/index.php?rest_route=%2Fwp%2Fv2%2Fmedia&parent=34262"}],"wp:term":[{"taxonomy":"category","embeddable":true,"href":"https:\/\/archive.sana.sy\/tr\/index.php?rest_route=%2Fwp%2Fv2%2Fcategories&post=34262"},{"taxonomy":"post_tag","embeddable":true,"href":"https:\/\/archive.sana.sy\/tr\/index.php?rest_route=%2Fwp%2Fv2%2Ftags&post=34262"}],"curies":[{"name":"wp","href":"https:\/\/api.w.org\/{rel}","templated":true}]}}