{"id":34318,"date":"2015-05-23T20:27:42","date_gmt":"2015-05-23T17:27:42","guid":{"rendered":"http:\/\/sana.sy\/tr\/?p=34318"},"modified":"2015-05-23T20:56:28","modified_gmt":"2015-05-23T17:56:28","slug":"halep-kentini-yeni-teror-saldirida-1-cocugun-sehit-13-yarali","status":"publish","type":"post","link":"https:\/\/archive.sana.sy\/tr\/?p=34318","title":{"rendered":"Halep Kentini Yeni Ter\u00f6r Sald\u0131r\u0131da 1 \u00c7ocu\u011fun \u015eehit, 13 Yaral\u0131"},"content":{"rendered":"<p>HALEP \u2013 \u2018Il\u0131ml\u0131 muhtelifler\u2019 olarak adland\u0131r\u0131lan Erdo\u011fan rejimine ba\u011fl\u0131 ter\u00f6r \u00e7eteleri Halep Kentindeki yerle\u015fim alanlar\u0131n\u0131 yeniden havan mermileriyle hedef ald\u0131.<\/p>\n<p>Emniyet M\u00fcd\u00fcrl\u00fc\u011f\u00fcnde bir kaynak SANA\u2019ya a\u00e7\u0131klamas\u0131nda Beni Zeyd B\u00f6lgesinde bulunan ter\u00f6ristlerin f\u0131rlatt\u0131\u011f\u0131 havan mermilerinin Halep Kentinin E\u015frefiye Semtine d\u00fc\u015ft\u00fc\u011f\u00fcn\u00fc ifade etti.<\/p>\n<p>Kaynak; hain ve gaddar sald\u0131r\u0131larda 7 ya\u015f\u0131nda bir \u00e7ocu\u011fun \u015fehit, 13 vatanda\u015f\u0131n da yaral\u0131 d\u00fc\u015ft\u00fc\u011f\u00fcn\u00fc, sivillere ait m\u00fclklerde b\u00fcy\u00fck maddi hasar\u0131n olu\u015ftu\u011funu belirtti.<\/p>\n<p>M.M. &#8211; A.A.<\/p>\n","protected":false},"excerpt":{"rendered":"<p>HALEP \u2013 \u2018Il\u0131ml\u0131 muhtelifler\u2019 olarak adland\u0131r\u0131lan Erdo\u011fan rejimine ba\u011fl\u0131 ter\u00f6r \u00e7eteleri Halep Kentindeki yerle\u015fim alanlar\u0131n\u0131 yeniden havan mermileriyle hedef ald\u0131. Emniyet M\u00fcd\u00fcrl\u00fc\u011f\u00fcnde bir kaynak SANA\u2019ya a\u00e7\u0131klamas\u0131nda Beni Zeyd B\u00f6lgesinde bulunan ter\u00f6ristlerin f\u0131rlatt\u0131\u011f\u0131 havan mermilerinin Halep Kentinin E\u015frefiye Semtine d\u00fc\u015ft\u00fc\u011f\u00fcn\u00fc ifade etti. Kaynak; hain ve gaddar sald\u0131r\u0131larda 7 ya\u015f\u0131nda bir \u00e7ocu\u011fun \u015fehit, 13 vatanda\u015f\u0131n da yaral\u0131 &hellip;<\/p>\n","protected":false},"author":1,"featured_media":19082,"comment_status":"closed","ping_status":"closed","sticky":false,"template":"","format":"standard","meta":{"footnotes":""},"categories":[479,575,478],"tags":[14741,14740],"class_list":["post-34318","post","type-post","status-publish","format-standard","has-post-thumbnail","","category-haberler-yerel","category-olaylar-ve-gercekler","category-yerel","tag-13-yarali","tag-halep-kentini-yeni-teror-saldirida-1-cocugun-sehit"],"_links":{"self":[{"href":"https:\/\/archive.sana.sy\/tr\/index.php?rest_route=\/wp\/v2\/posts\/34318","targetHints":{"allow":["GET"]}}],"collection":[{"href":"https:\/\/archive.sana.sy\/tr\/index.php?rest_route=\/wp\/v2\/posts"}],"about":[{"href":"https:\/\/archive.sana.sy\/tr\/index.php?rest_route=\/wp\/v2\/types\/post"}],"author":[{"embeddable":true,"href":"https:\/\/archive.sana.sy\/tr\/index.php?rest_route=\/wp\/v2\/users\/1"}],"replies":[{"embeddable":true,"href":"https:\/\/archive.sana.sy\/tr\/index.php?rest_route=%2Fwp%2Fv2%2Fcomments&post=34318"}],"version-history":[{"count":0,"href":"https:\/\/archive.sana.sy\/tr\/index.php?rest_route=\/wp\/v2\/posts\/34318\/revisions"}],"wp:featuredmedia":[{"embeddable":true,"href":"https:\/\/archive.sana.sy\/tr\/index.php?rest_route=\/wp\/v2\/media\/19082"}],"wp:attachment":[{"href":"https:\/\/archive.sana.sy\/tr\/index.php?rest_route=%2Fwp%2Fv2%2Fmedia&parent=34318"}],"wp:term":[{"taxonomy":"category","embeddable":true,"href":"https:\/\/archive.sana.sy\/tr\/index.php?rest_route=%2Fwp%2Fv2%2Fcategories&post=34318"},{"taxonomy":"post_tag","embeddable":true,"href":"https:\/\/archive.sana.sy\/tr\/index.php?rest_route=%2Fwp%2Fv2%2Ftags&post=34318"}],"curies":[{"name":"wp","href":"https:\/\/api.w.org\/{rel}","templated":true}]}}