{"id":34344,"date":"2015-05-24T09:12:06","date_gmt":"2015-05-24T06:12:06","guid":{"rendered":"http:\/\/sana.sy\/tr\/?p=34344"},"modified":"2015-05-24T09:16:30","modified_gmt":"2015-05-24T06:16:30","slug":"isid-ve-nusra-teror-orgutlerinin-saldirilari-binlerce-filistinliyi-evinden-etti","status":"publish","type":"post","link":"https:\/\/archive.sana.sy\/tr\/?p=34344","title":{"rendered":"I\u015e\u0130D ve Nusra Ter\u00f6r \u00d6rg\u00fctlerinin Sald\u0131r\u0131lar\u0131 Binlerce Filistinliyi Evinden Etti"},"content":{"rendered":"<p>\u015eAM \u2013 Filistinli Direni\u015f Gruplar\u0131 Koalisyonu Sekreteri Halit Abd\u00fclmecit, Yerm\u00fck semtinde I\u015e\u0130D ve Nusra Cephesi ter\u00f6r \u00f6rg\u00fctleri ile s\u00fcren \u00e7at\u0131\u015fmalar g\u00f6z \u00f6n\u00fcnde bulundurulursa Filistinli m\u00fcltecilerin semte yeniden d\u00f6nmesinin bu s\u00fcre\u00e7te pek m\u00fcmk\u00fcn olmad\u0131\u011f\u0131n\u0131 ifade etti.<\/p>\n<p>Abd\u00fclmecit koalisyon ad\u0131na d\u00fcn yay\u0131nlad\u0131\u011f\u0131 ve bir n\u00fcshas\u0131 SANA\u2019ya ula\u015ft\u0131r\u0131lan beyanda, I\u015e\u0130D ve Nusra Cephesi ter\u00f6r \u00f6rg\u00fctlerinin sald\u0131r\u0131lar\u0131 ve tehditleri sonucunda binlerce Filistinlinin Yerm\u00fck semtinden \u00e7\u0131kmak zorunda kald\u0131\u011f\u0131na i\u015faret ederek, Yerm\u00fck semti krizini, b\u00f6lgesel y\u00f6n\u00fc d\u00fc\u015f\u00fcn\u00fcl\u00fcrse, yak\u0131n bir s\u00fcre\u00e7te \u00e7\u00f6z\u00fclmesinin kolay olmayaca\u011f\u0131n\u0131n alt\u0131n\u0131 \u00e7izdi.<\/p>\n<p>Yerm\u00fck semtinde bulunan ya da bir \u015fekilde oradan \u00e7\u0131kmay\u0131 ba\u015faran Filistinlilerin ya\u015fad\u0131klar\u0131 zorluk ve ac\u0131lara dikkat \u00e7eken Abd\u00fclmacit, semtten \u00e7\u0131kan Filistinlilerin \u015fu anda Suriye h\u00fck\u00fcmetinin haz\u0131rlam\u0131\u015f oldu\u011fu ge\u00e7ici ikame merkezlerinde UNRWA ve Suriye K\u0131z\u0131lay \u00d6rg\u00fct\u00fcn\u00fcn sa\u011flad\u0131\u011f\u0131 yard\u0131mlarla ya\u015famlar\u0131n\u0131 s\u00fcrd\u00fcrmeye \u00e7al\u0131\u015ft\u0131klar\u0131n\u0131 belirtti.<\/p>\n<p>F.B. &#8211; R.H.<\/p>\n","protected":false},"excerpt":{"rendered":"<p>\u015eAM \u2013 Filistinli Direni\u015f Gruplar\u0131 Koalisyonu Sekreteri Halit Abd\u00fclmecit, Yerm\u00fck semtinde I\u015e\u0130D ve Nusra Cephesi ter\u00f6r \u00f6rg\u00fctleri ile s\u00fcren \u00e7at\u0131\u015fmalar g\u00f6z \u00f6n\u00fcnde bulundurulursa Filistinli m\u00fcltecilerin semte yeniden d\u00f6nmesinin bu s\u00fcre\u00e7te pek m\u00fcmk\u00fcn olmad\u0131\u011f\u0131n\u0131 ifade etti. Abd\u00fclmecit koalisyon ad\u0131na d\u00fcn yay\u0131nlad\u0131\u011f\u0131 ve bir n\u00fcshas\u0131 SANA\u2019ya ula\u015ft\u0131r\u0131lan beyanda, I\u015e\u0130D ve Nusra Cephesi ter\u00f6r \u00f6rg\u00fctlerinin sald\u0131r\u0131lar\u0131 ve tehditleri &hellip;<\/p>\n","protected":false},"author":1,"featured_media":34345,"comment_status":"closed","ping_status":"closed","sticky":false,"template":"","format":"standard","meta":{"footnotes":""},"categories":[479,447,478],"tags":[14745,14746],"class_list":["post-34344","post","type-post","status-publish","format-standard","has-post-thumbnail","","category-haberler-yerel","category-politika","category-yerel","tag-isid-ve-nusra-teror-orgutlerinin-saldirilari-binlerce-filistinliyi-evinden-etti-sam-filistinli-direnis-gruplari-koalisyonu-sekreteri-halit-abdulmecit","tag-yermuk-semtinde-isid-ve-nusra-cephesi-teror-orgutleri-ile-suren-catismalar-goz-onunde-bulundurulursa-filistinli-multecilerin-semte-yeniden-donmesinin-bu-surecte-pek-mumkun-olmadigini-ifade-etti"],"_links":{"self":[{"href":"https:\/\/archive.sana.sy\/tr\/index.php?rest_route=\/wp\/v2\/posts\/34344","targetHints":{"allow":["GET"]}}],"collection":[{"href":"https:\/\/archive.sana.sy\/tr\/index.php?rest_route=\/wp\/v2\/posts"}],"about":[{"href":"https:\/\/archive.sana.sy\/tr\/index.php?rest_route=\/wp\/v2\/types\/post"}],"author":[{"embeddable":true,"href":"https:\/\/archive.sana.sy\/tr\/index.php?rest_route=\/wp\/v2\/users\/1"}],"replies":[{"embeddable":true,"href":"https:\/\/archive.sana.sy\/tr\/index.php?rest_route=%2Fwp%2Fv2%2Fcomments&post=34344"}],"version-history":[{"count":0,"href":"https:\/\/archive.sana.sy\/tr\/index.php?rest_route=\/wp\/v2\/posts\/34344\/revisions"}],"wp:featuredmedia":[{"embeddable":true,"href":"https:\/\/archive.sana.sy\/tr\/index.php?rest_route=\/wp\/v2\/media\/34345"}],"wp:attachment":[{"href":"https:\/\/archive.sana.sy\/tr\/index.php?rest_route=%2Fwp%2Fv2%2Fmedia&parent=34344"}],"wp:term":[{"taxonomy":"category","embeddable":true,"href":"https:\/\/archive.sana.sy\/tr\/index.php?rest_route=%2Fwp%2Fv2%2Fcategories&post=34344"},{"taxonomy":"post_tag","embeddable":true,"href":"https:\/\/archive.sana.sy\/tr\/index.php?rest_route=%2Fwp%2Fv2%2Ftags&post=34344"}],"curies":[{"name":"wp","href":"https:\/\/api.w.org\/{rel}","templated":true}]}}