{"id":34367,"date":"2015-05-24T11:04:09","date_gmt":"2015-05-24T08:04:09","guid":{"rendered":"http:\/\/sana.sy\/tr\/?p=34367"},"modified":"2015-05-24T11:04:09","modified_gmt":"2015-05-24T08:04:09","slug":"askeri-kaynak-ordu-birliklerimizin-dera-kirsali-el-hirak-casim-nahite-dogu-el-kerak-ve-kefar-semste-cok-sayida-tekfiri-teror-orgutu-elemanini-oldurduklerini-belirtti","status":"publish","type":"post","link":"https:\/\/archive.sana.sy\/tr\/?p=34367","title":{"rendered":"Askeri kaynak, ordu birliklerimizin Dera k\u0131rsal\u0131 el Hirak, Casim, Nahite, Do\u011fu el Kerak ve Kefar \u015eems\u2019te \u00e7ok say\u0131da tekfiri ter\u00f6r \u00f6rg\u00fct\u00fc eleman\u0131n\u0131 \u00f6ld\u00fcrd\u00fcklerini belirtti."},"content":{"rendered":"<p>Askeri kaynak, ordu birliklerimizin Dera k\u0131rsal\u0131 el Hirak, Casim, Nahite, Do\u011fu el Kerak ve Kefar \u015eems\u2019te \u00e7ok say\u0131da tekfiri ter\u00f6r \u00f6rg\u00fct\u00fc eleman\u0131n\u0131 \u00f6ld\u00fcrd\u00fcklerini belirtti.<\/p>\n","protected":false},"excerpt":{"rendered":"<p>Askeri kaynak, ordu birliklerimizin Dera k\u0131rsal\u0131 el Hirak, Casim, Nahite, Do\u011fu el Kerak ve Kefar \u015eems\u2019te \u00e7ok say\u0131da tekfiri ter\u00f6r \u00f6rg\u00fct\u00fc eleman\u0131n\u0131 \u00f6ld\u00fcrd\u00fcklerini belirtti.<\/p>\n","protected":false},"author":1,"featured_media":0,"comment_status":"closed","ping_status":"closed","sticky":false,"template":"","format":"standard","meta":{"footnotes":""},"categories":[1],"tags":[1031,6981,14754,14753,14244],"class_list":["post-34367","post","type-post","status-publish","format-standard","","category-news-not-sorted","tag-askeri-kaynak","tag-casim","tag-dogu-el-kerak-ve-kefar-semste-cok-sayida-tekfiri-teror-orgutu-elemanini-oldurduklerini-belirtti","tag-nahite","tag-ordu-birliklerimizin-dera-kirsali-el-hirak"],"_links":{"self":[{"href":"https:\/\/archive.sana.sy\/tr\/index.php?rest_route=\/wp\/v2\/posts\/34367","targetHints":{"allow":["GET"]}}],"collection":[{"href":"https:\/\/archive.sana.sy\/tr\/index.php?rest_route=\/wp\/v2\/posts"}],"about":[{"href":"https:\/\/archive.sana.sy\/tr\/index.php?rest_route=\/wp\/v2\/types\/post"}],"author":[{"embeddable":true,"href":"https:\/\/archive.sana.sy\/tr\/index.php?rest_route=\/wp\/v2\/users\/1"}],"replies":[{"embeddable":true,"href":"https:\/\/archive.sana.sy\/tr\/index.php?rest_route=%2Fwp%2Fv2%2Fcomments&post=34367"}],"version-history":[{"count":0,"href":"https:\/\/archive.sana.sy\/tr\/index.php?rest_route=\/wp\/v2\/posts\/34367\/revisions"}],"wp:attachment":[{"href":"https:\/\/archive.sana.sy\/tr\/index.php?rest_route=%2Fwp%2Fv2%2Fmedia&parent=34367"}],"wp:term":[{"taxonomy":"category","embeddable":true,"href":"https:\/\/archive.sana.sy\/tr\/index.php?rest_route=%2Fwp%2Fv2%2Fcategories&post=34367"},{"taxonomy":"post_tag","embeddable":true,"href":"https:\/\/archive.sana.sy\/tr\/index.php?rest_route=%2Fwp%2Fv2%2Ftags&post=34367"}],"curies":[{"name":"wp","href":"https:\/\/api.w.org\/{rel}","templated":true}]}}