{"id":34369,"date":"2015-05-24T11:32:59","date_gmt":"2015-05-24T08:32:59","guid":{"rendered":"http:\/\/sana.sy\/tr\/?p=34369"},"modified":"2015-05-24T11:32:59","modified_gmt":"2015-05-24T08:32:59","slug":"yemenli-kaynaklar-sanaayi-vuran-al-suud-ucagi-dustu","status":"publish","type":"post","link":"https:\/\/archive.sana.sy\/tr\/?p=34369","title":{"rendered":"Yemenli Kaynaklar: Sanaa\u2019y\u0131 Vuran Al Suud U\u00e7a\u011f\u0131 D\u00fc\u015ft\u00fc"},"content":{"rendered":"<p>SANAA \u2013 Yemenli medya kaynaklar\u0131 bu sabah, Ba\u015fkent Sanaa\u2019da Beni el Haris M\u00fcd\u00fcrl\u00fc\u011f\u00fcnde Yemenli mevkileri bombard\u0131man operasyonlar\u0131na kat\u0131lan Suudili F-16 sava\u015f u\u00e7a\u011f\u0131n\u0131n d\u00fc\u015ft\u00fc\u011f\u00fcn\u00fc ifade etti.<\/p>\n<p>Medya kaynaklar\u0131, pilotun halen kay\u0131p oldu\u011funu ve bulunmad\u0131\u011f\u0131n\u0131, u\u00e7ak enkaz\u0131 aras\u0131nda patlamayan iki f\u00fczenin bulundu\u011funu, b\u00f6lge \u00fczerinde Suudili sava\u015f u\u00e7a\u011f\u0131n\u0131n pilotu arama u\u00e7u\u015flar\u0131 yapt\u0131\u011f\u0131n\u0131n g\u00f6r\u00fcld\u00fc\u011f\u00fcn\u00fc belirtti.<\/p>\n<p>\u00c7ok say\u0131da elektronik sitesi, u\u00e7a\u011f\u0131n d\u00fc\u015fme an\u0131n\u0131 ve daha sonra enkaz\u0131n\u0131n nas\u0131l alev ald\u0131\u011f\u0131n\u0131, u\u00e7ak enkaz\u0131n\u0131n baz\u0131 k\u0131s\u0131mlar\u0131nda al Suud rejim g\u00fc\u00e7lerine ait oldu\u011funu g\u00f6steren foto\u011fraflar yay\u0131nlad\u0131.<\/p>\n<p>Al Suud rejimi ise u\u00e7a\u011f\u0131n d\u00fc\u015fmesiyle ilgili \u015fu ana kadar hi\u00e7bir a\u00e7\u0131klama gelmedi.<\/p>\n<p>S.\u015e. &#8211; R.H.<\/p>\n","protected":false},"excerpt":{"rendered":"<p>SANAA \u2013 Yemenli medya kaynaklar\u0131 bu sabah, Ba\u015fkent Sanaa\u2019da Beni el Haris M\u00fcd\u00fcrl\u00fc\u011f\u00fcnde Yemenli mevkileri bombard\u0131man operasyonlar\u0131na kat\u0131lan Suudili F-16 sava\u015f u\u00e7a\u011f\u0131n\u0131n d\u00fc\u015ft\u00fc\u011f\u00fcn\u00fc ifade etti. Medya kaynaklar\u0131, pilotun halen kay\u0131p oldu\u011funu ve bulunmad\u0131\u011f\u0131n\u0131, u\u00e7ak enkaz\u0131 aras\u0131nda patlamayan iki f\u00fczenin bulundu\u011funu, b\u00f6lge \u00fczerinde Suudili sava\u015f u\u00e7a\u011f\u0131n\u0131n pilotu arama u\u00e7u\u015flar\u0131 yapt\u0131\u011f\u0131n\u0131n g\u00f6r\u00fcld\u00fc\u011f\u00fcn\u00fc belirtti. \u00c7ok say\u0131da elektronik sitesi, &hellip;<\/p>\n","protected":false},"author":1,"featured_media":34370,"comment_status":"closed","ping_status":"closed","sticky":false,"template":"","format":"standard","meta":{"footnotes":""},"categories":[458,459,447],"tags":[14756,14755],"class_list":["post-34369","post","type-post","status-publish","format-standard","has-post-thumbnail","","category-dunya1","category-haberler-arap-uluslararasi-politika","category-politika","tag-baskent-sanaada-beni-el-haris-mudurlugunde-yemenli-mevkileri-bombardiman-operasyonlarina-katilan-suudili-f-16-savas-ucaginin-dustugunu-ifade-etti","tag-yemenli-kaynaklar-sanaayi-vuran-al-suud-ucagi-dustu-sanaa-yemenli-medya-kaynaklari-bu-sabah"],"_links":{"self":[{"href":"https:\/\/archive.sana.sy\/tr\/index.php?rest_route=\/wp\/v2\/posts\/34369","targetHints":{"allow":["GET"]}}],"collection":[{"href":"https:\/\/archive.sana.sy\/tr\/index.php?rest_route=\/wp\/v2\/posts"}],"about":[{"href":"https:\/\/archive.sana.sy\/tr\/index.php?rest_route=\/wp\/v2\/types\/post"}],"author":[{"embeddable":true,"href":"https:\/\/archive.sana.sy\/tr\/index.php?rest_route=\/wp\/v2\/users\/1"}],"replies":[{"embeddable":true,"href":"https:\/\/archive.sana.sy\/tr\/index.php?rest_route=%2Fwp%2Fv2%2Fcomments&post=34369"}],"version-history":[{"count":0,"href":"https:\/\/archive.sana.sy\/tr\/index.php?rest_route=\/wp\/v2\/posts\/34369\/revisions"}],"wp:featuredmedia":[{"embeddable":true,"href":"https:\/\/archive.sana.sy\/tr\/index.php?rest_route=\/wp\/v2\/media\/34370"}],"wp:attachment":[{"href":"https:\/\/archive.sana.sy\/tr\/index.php?rest_route=%2Fwp%2Fv2%2Fmedia&parent=34369"}],"wp:term":[{"taxonomy":"category","embeddable":true,"href":"https:\/\/archive.sana.sy\/tr\/index.php?rest_route=%2Fwp%2Fv2%2Fcategories&post=34369"},{"taxonomy":"post_tag","embeddable":true,"href":"https:\/\/archive.sana.sy\/tr\/index.php?rest_route=%2Fwp%2Fv2%2Ftags&post=34369"}],"curies":[{"name":"wp","href":"https:\/\/api.w.org\/{rel}","templated":true}]}}