{"id":34374,"date":"2015-05-24T11:50:42","date_gmt":"2015-05-24T08:50:42","guid":{"rendered":"http:\/\/sana.sy\/tr\/?p=34374"},"modified":"2015-05-24T21:09:03","modified_gmt":"2015-05-24T18:09:03","slug":"teroristler-sivilleri-hedef-almaya-devam-ediyor-2-yarali","status":"publish","type":"post","link":"https:\/\/archive.sana.sy\/tr\/?p=34374","title":{"rendered":"Ter\u00f6ristler Sivilleri Hedef Almaya Devam Ediyor.. 2 Yaral\u0131"},"content":{"rendered":"<p>\u015eAM \u2013 \u015eam\u2019\u0131n Ticaret Sivil Yerle\u015fim Semtinde ter\u00f6ristlerin bir arac\u0131n i\u00e7ine yerle\u015ftirdi\u011fi bomba d\u00fczene\u011finin infilak etmesi sonucunda iki ki\u015fi yaraland\u0131.<\/p>\n<p>\u0130l Emniyet M\u00fcd\u00fcrl\u00fc\u011f\u00fcnde bir kaynak SANA muhabirine a\u00e7\u0131klamas\u0131nda, ter\u00f6ristlerin bomba d\u00fczene\u011fini Ticaret Semtindeki Gassan Abbud Okulu yak\u0131nlar\u0131nda park halindeki bir arac\u0131n alt\u0131na yerle\u015ftirdiklerini, patlamas\u0131 sonucunda iki ki\u015finin yaraland\u0131\u011f\u0131n\u0131 m\u00fclklerde de maddi zararlar\u0131n meydana geldi\u011fini s\u00f6yledi.<\/p>\n<p>\u00d6te yandan \u015eam Emniyet M\u00fcd\u00fcrl\u00fc\u011f\u00fcnde bir kaynak; ter\u00f6ristlerin f\u0131rlatt\u0131\u011f\u0131 bir havan mermisinin \u015eam k\u0131rsal\u0131 Haresta B\u00f6lgesinin el Beyroni Onkoloji Hastanesine d\u00fc\u015fmesi sonucunda bir vatanda\u015f\u0131n yaraland\u0131\u011f\u0131n\u0131, hastanede maddi hasar\u0131n olu\u015ftu\u011funu ifade etti.<\/p>\n<p>S.\u015e. &#8211; M.M. &#8211; R.H.<\/p>\n","protected":false},"excerpt":{"rendered":"<p>\u015eAM \u2013 \u015eam\u2019\u0131n Ticaret Sivil Yerle\u015fim Semtinde ter\u00f6ristlerin bir arac\u0131n i\u00e7ine yerle\u015ftirdi\u011fi bomba d\u00fczene\u011finin infilak etmesi sonucunda iki ki\u015fi yaraland\u0131. \u0130l Emniyet M\u00fcd\u00fcrl\u00fc\u011f\u00fcnde bir kaynak SANA muhabirine a\u00e7\u0131klamas\u0131nda, ter\u00f6ristlerin bomba d\u00fczene\u011fini Ticaret Semtindeki Gassan Abbud Okulu yak\u0131nlar\u0131nda park halindeki bir arac\u0131n alt\u0131na yerle\u015ftirdiklerini, patlamas\u0131 sonucunda iki ki\u015finin yaraland\u0131\u011f\u0131n\u0131 m\u00fclklerde de maddi zararlar\u0131n meydana geldi\u011fini s\u00f6yledi. &hellip;<\/p>\n","protected":false},"author":1,"featured_media":14166,"comment_status":"closed","ping_status":"closed","sticky":false,"template":"","format":"standard","meta":{"footnotes":""},"categories":[479,575,478],"tags":[],"class_list":["post-34374","post","type-post","status-publish","format-standard","has-post-thumbnail","","category-haberler-yerel","category-olaylar-ve-gercekler","category-yerel"],"_links":{"self":[{"href":"https:\/\/archive.sana.sy\/tr\/index.php?rest_route=\/wp\/v2\/posts\/34374","targetHints":{"allow":["GET"]}}],"collection":[{"href":"https:\/\/archive.sana.sy\/tr\/index.php?rest_route=\/wp\/v2\/posts"}],"about":[{"href":"https:\/\/archive.sana.sy\/tr\/index.php?rest_route=\/wp\/v2\/types\/post"}],"author":[{"embeddable":true,"href":"https:\/\/archive.sana.sy\/tr\/index.php?rest_route=\/wp\/v2\/users\/1"}],"replies":[{"embeddable":true,"href":"https:\/\/archive.sana.sy\/tr\/index.php?rest_route=%2Fwp%2Fv2%2Fcomments&post=34374"}],"version-history":[{"count":0,"href":"https:\/\/archive.sana.sy\/tr\/index.php?rest_route=\/wp\/v2\/posts\/34374\/revisions"}],"wp:featuredmedia":[{"embeddable":true,"href":"https:\/\/archive.sana.sy\/tr\/index.php?rest_route=\/wp\/v2\/media\/14166"}],"wp:attachment":[{"href":"https:\/\/archive.sana.sy\/tr\/index.php?rest_route=%2Fwp%2Fv2%2Fmedia&parent=34374"}],"wp:term":[{"taxonomy":"category","embeddable":true,"href":"https:\/\/archive.sana.sy\/tr\/index.php?rest_route=%2Fwp%2Fv2%2Fcategories&post=34374"},{"taxonomy":"post_tag","embeddable":true,"href":"https:\/\/archive.sana.sy\/tr\/index.php?rest_route=%2Fwp%2Fv2%2Ftags&post=34374"}],"curies":[{"name":"wp","href":"https:\/\/api.w.org\/{rel}","templated":true}]}}