{"id":34380,"date":"2015-05-24T13:13:11","date_gmt":"2015-05-24T10:13:11","guid":{"rendered":"http:\/\/sana.sy\/tr\/?p=34380"},"modified":"2015-05-24T14:44:46","modified_gmt":"2015-05-24T11:44:46","slug":"fakultelerinde-birinci-olanlar-egitim-gorevlisi-ataniyor","status":"publish","type":"post","link":"https:\/\/archive.sana.sy\/tr\/?p=34380","title":{"rendered":"Fak\u00fcltelerinde Birinci Olanlar E\u011fitim G\u00f6revlisi Atan\u0131yor"},"content":{"rendered":"<p>\u015eAM &#8211; Cumhurba\u015fkan\u0131 Be\u015f\u015far el Esad bug\u00fcn, \u00fcniversite mezunlar\u0131n\u0131 ilgilendiren 25 say\u0131l\u0131 kanun h\u00fckm\u00fcnde kararname \u00e7\u0131kard\u0131.<\/p>\n<p>Kararname gere\u011fince Suriyeliler ve onlar\u0131n h\u00fckm\u00fcnde olanlar\u0131n genel e\u011fitim sisteminde bir lisans derecesi veren her fak\u00fclteden ilk 3\u2019e giren mezunlara lisans derecesi veren her uzmanl\u0131k veya b\u00f6l\u00fcmden birinci mezunun, mezun oldu\u011fu fak\u00fcltenin d\u00fczenlemeleri \u00e7er\u00e7evesinde duyuru ya da yar\u0131\u015fmaya tabi tutulmadan \u00f6\u011fretim g\u00f6revlisi olarak atanmas\u0131n\u0131 \u00f6ng\u00f6r\u00fcyor.<\/p>\n<p>S.\u015e. &#8211; R.H.<\/p>\n","protected":false},"excerpt":{"rendered":"<p>\u015eAM &#8211; Cumhurba\u015fkan\u0131 Be\u015f\u015far el Esad bug\u00fcn, \u00fcniversite mezunlar\u0131n\u0131 ilgilendiren 25 say\u0131l\u0131 kanun h\u00fckm\u00fcnde kararname \u00e7\u0131kard\u0131. Kararname gere\u011fince Suriyeliler ve onlar\u0131n h\u00fckm\u00fcnde olanlar\u0131n genel e\u011fitim sisteminde bir lisans derecesi veren her fak\u00fclteden ilk 3\u2019e giren mezunlara lisans derecesi veren her uzmanl\u0131k veya b\u00f6l\u00fcmden birinci mezunun, mezun oldu\u011fu fak\u00fcltenin d\u00fczenlemeleri \u00e7er\u00e7evesinde duyuru ya da yar\u0131\u015fmaya tabi &hellip;<\/p>\n","protected":false},"author":1,"featured_media":34412,"comment_status":"closed","ping_status":"closed","sticky":false,"template":"","format":"standard","meta":{"footnotes":""},"categories":[479,605,612,599,478],"tags":[14759,14760],"class_list":["post-34380","post","type-post","status-publish","format-standard","has-post-thumbnail","","category-haberler-yerel","category-sayin-cumhurbaskani","category-yasama-kararnameler","category-yasama-ve-kanunlar","category-yerel","tag-fakultelerinde-birinci-olanlar-egitim-gorevlisi-ataniyor-sam-cumhurbaskani-bessar-el-esad-bugun","tag-universite-mezunlarini-ilgilendiren-25-sayili-kanun-hukmunde-kararname-cikardi"],"_links":{"self":[{"href":"https:\/\/archive.sana.sy\/tr\/index.php?rest_route=\/wp\/v2\/posts\/34380","targetHints":{"allow":["GET"]}}],"collection":[{"href":"https:\/\/archive.sana.sy\/tr\/index.php?rest_route=\/wp\/v2\/posts"}],"about":[{"href":"https:\/\/archive.sana.sy\/tr\/index.php?rest_route=\/wp\/v2\/types\/post"}],"author":[{"embeddable":true,"href":"https:\/\/archive.sana.sy\/tr\/index.php?rest_route=\/wp\/v2\/users\/1"}],"replies":[{"embeddable":true,"href":"https:\/\/archive.sana.sy\/tr\/index.php?rest_route=%2Fwp%2Fv2%2Fcomments&post=34380"}],"version-history":[{"count":0,"href":"https:\/\/archive.sana.sy\/tr\/index.php?rest_route=\/wp\/v2\/posts\/34380\/revisions"}],"wp:featuredmedia":[{"embeddable":true,"href":"https:\/\/archive.sana.sy\/tr\/index.php?rest_route=\/wp\/v2\/media\/34412"}],"wp:attachment":[{"href":"https:\/\/archive.sana.sy\/tr\/index.php?rest_route=%2Fwp%2Fv2%2Fmedia&parent=34380"}],"wp:term":[{"taxonomy":"category","embeddable":true,"href":"https:\/\/archive.sana.sy\/tr\/index.php?rest_route=%2Fwp%2Fv2%2Fcategories&post=34380"},{"taxonomy":"post_tag","embeddable":true,"href":"https:\/\/archive.sana.sy\/tr\/index.php?rest_route=%2Fwp%2Fv2%2Ftags&post=34380"}],"curies":[{"name":"wp","href":"https:\/\/api.w.org\/{rel}","templated":true}]}}