{"id":34394,"date":"2015-05-24T14:24:56","date_gmt":"2015-05-24T11:24:56","guid":{"rendered":"http:\/\/sana.sy\/tr\/?p=34394"},"modified":"2015-05-24T14:54:27","modified_gmt":"2015-05-24T11:54:27","slug":"davalarin-mahkemeler-arasinda-tasinmasina-izin-veren-yasama-karari-uzatildi","status":"publish","type":"post","link":"https:\/\/archive.sana.sy\/tr\/?p=34394","title":{"rendered":"Davalar\u0131n Mahkemeler Aras\u0131nda Ta\u015f\u0131nmas\u0131na \u0130zin Veren Yasama Karar\u0131 Uzat\u0131ld\u0131"},"content":{"rendered":"<p>\u015eAM \u2013 Cumhurba\u015fkan\u0131 Be\u015f\u015far el Esad bug\u00fcn 2013\/28 say\u0131l\u0131 yasama karar\u0131n\u0131n s\u00fcresini bir y\u0131l daha uzatmay\u0131 \u00f6ng\u00f6ren 2015\/24 say\u0131l\u0131 yasama karar\u0131n\u0131 onaylad\u0131.<\/p>\n<p>S\u00fcresi uzat\u0131lan yasama karar\u0131 bak\u0131lmas\u0131 m\u00fcmk\u00fcn olmayan davalar\u0131n ayn\u0131 adliye i\u00e7inde ba\u015fka mahkemelere yada ba\u015fka b\u00f6lgelerdeki adliye saraylar\u0131ndaki mahkemelere ta\u015f\u0131nmas\u0131na izin veriyor.<\/p>\n<p>A.A. &#8211; R.H.<\/p>\n","protected":false},"excerpt":{"rendered":"<p>\u015eAM \u2013 Cumhurba\u015fkan\u0131 Be\u015f\u015far el Esad bug\u00fcn 2013\/28 say\u0131l\u0131 yasama karar\u0131n\u0131n s\u00fcresini bir y\u0131l daha uzatmay\u0131 \u00f6ng\u00f6ren 2015\/24 say\u0131l\u0131 yasama karar\u0131n\u0131 onaylad\u0131. S\u00fcresi uzat\u0131lan yasama karar\u0131 bak\u0131lmas\u0131 m\u00fcmk\u00fcn olmayan davalar\u0131n ayn\u0131 adliye i\u00e7inde ba\u015fka mahkemelere yada ba\u015fka b\u00f6lgelerdeki adliye saraylar\u0131ndaki mahkemelere ta\u015f\u0131nmas\u0131na izin veriyor. A.A. &#8211; R.H.<\/p>\n","protected":false},"author":1,"featured_media":34414,"comment_status":"closed","ping_status":"closed","sticky":false,"template":"","format":"standard","meta":{"footnotes":""},"categories":[479,605,612,599,478],"tags":[],"class_list":["post-34394","post","type-post","status-publish","format-standard","has-post-thumbnail","","category-haberler-yerel","category-sayin-cumhurbaskani","category-yasama-kararnameler","category-yasama-ve-kanunlar","category-yerel"],"_links":{"self":[{"href":"https:\/\/archive.sana.sy\/tr\/index.php?rest_route=\/wp\/v2\/posts\/34394","targetHints":{"allow":["GET"]}}],"collection":[{"href":"https:\/\/archive.sana.sy\/tr\/index.php?rest_route=\/wp\/v2\/posts"}],"about":[{"href":"https:\/\/archive.sana.sy\/tr\/index.php?rest_route=\/wp\/v2\/types\/post"}],"author":[{"embeddable":true,"href":"https:\/\/archive.sana.sy\/tr\/index.php?rest_route=\/wp\/v2\/users\/1"}],"replies":[{"embeddable":true,"href":"https:\/\/archive.sana.sy\/tr\/index.php?rest_route=%2Fwp%2Fv2%2Fcomments&post=34394"}],"version-history":[{"count":0,"href":"https:\/\/archive.sana.sy\/tr\/index.php?rest_route=\/wp\/v2\/posts\/34394\/revisions"}],"wp:featuredmedia":[{"embeddable":true,"href":"https:\/\/archive.sana.sy\/tr\/index.php?rest_route=\/wp\/v2\/media\/34414"}],"wp:attachment":[{"href":"https:\/\/archive.sana.sy\/tr\/index.php?rest_route=%2Fwp%2Fv2%2Fmedia&parent=34394"}],"wp:term":[{"taxonomy":"category","embeddable":true,"href":"https:\/\/archive.sana.sy\/tr\/index.php?rest_route=%2Fwp%2Fv2%2Fcategories&post=34394"},{"taxonomy":"post_tag","embeddable":true,"href":"https:\/\/archive.sana.sy\/tr\/index.php?rest_route=%2Fwp%2Fv2%2Ftags&post=34394"}],"curies":[{"name":"wp","href":"https:\/\/api.w.org\/{rel}","templated":true}]}}