{"id":34396,"date":"2015-05-24T14:51:30","date_gmt":"2015-05-24T11:51:30","guid":{"rendered":"http:\/\/sana.sy\/tr\/?p=34396"},"modified":"2015-05-25T17:07:15","modified_gmt":"2015-05-25T14:07:15","slug":"geneli-cocuk-ve-kadinlardan-olusan-400den-fazla-vatandasi-katletti","status":"publish","type":"post","link":"https:\/\/archive.sana.sy\/tr\/?p=34396","title":{"rendered":"Geneli \u00c7ocuk ve Kad\u0131nlardan Olu\u015fan 400\u2019den Fazla Vatanda\u015f\u0131 Katletti"},"content":{"rendered":"<p>HOMS \u2013 Tekfirci I\u015e\u0130D \u00e7eteleri birka\u00e7 g\u00fcn \u00f6nce ele ge\u00e7irdikleri Tedmur Kasabas\u0131nda insani ve dini hi\u00e7bir de\u011ferle ba\u011fda\u015fmayan muhtelif tekfirci iddialar alt\u0131nda y\u00fczlerce masum sivil vatanda\u015f\u0131 katlederek be\u015feriyetin y\u00fcz karas\u0131 bir katliama imza att\u0131.<\/p>\n<p>Tedmur Kasabas\u0131nda g\u00fcvenilir yerel kaynaklar; tekfirci I\u015e\u0130D \u00e7etelerinin kasabada geneli \u00e7ocuk, kad\u0131n ve ya\u015fl\u0131lardan olu\u015fan 400\u2019den fazla vatanda\u015f\u0131 dayatmalar\u0131n\u0131 reddettikleri gerek\u00e7esiyle \u00f6ld\u00fcrd\u00fcklerini aktard\u0131. Kaynaklar tekfircilerin bir k\u0131sm\u0131 devlet personeli olan s\u00f6z konusu vatanda\u015flar\u0131 \u00f6ld\u00fcrmekle yetinmeyip cesetlerini de tenkil ettiklerini belirtti.<\/p>\n<p>I\u015e\u0130D \u00e7etelerinin ahalinin kasabadan \u00e7\u0131kmalar\u0131n\u0131 da engellediklerini belirten yerel kaynaklar; tekfirci ve karanl\u0131k gerek\u00e7eler alt\u0131na mallar\u0131na ve m\u00fclklerine el koyup gasp ettiklerini aktard\u0131.<\/p>\n<p>I\u015e\u0130D \u00e7eteleri daha \u00f6nce de Tedmur civar\u0131ndaki Amiriye Beldesine girip yine 30\u2019dan fazla vatanda\u015f\u0131 vah\u015fice katletmi\u015f ve insanl\u0131k d\u0131\u015f\u0131 bir katliama imza atm\u0131\u015flard\u0131.<\/p>\n<p>Tekfircilerin kanlar\u0131 donduran bu katliamlar\u0131 kar\u015f\u0131s\u0131nda medeniyet ve insan haklar\u0131 iddiac\u0131lar devlet ve \u00f6rg\u00fctler ba\u015fta olmak \u00fczere uluslar aras\u0131 toplum sessizli\u011fini koruyor.<\/p>\n<p>A.A. &#8211; R.H.<\/p>\n","protected":false},"excerpt":{"rendered":"<p>HOMS \u2013 Tekfirci I\u015e\u0130D \u00e7eteleri birka\u00e7 g\u00fcn \u00f6nce ele ge\u00e7irdikleri Tedmur Kasabas\u0131nda insani ve dini hi\u00e7bir de\u011ferle ba\u011fda\u015fmayan muhtelif tekfirci iddialar alt\u0131nda y\u00fczlerce masum sivil vatanda\u015f\u0131 katlederek be\u015feriyetin y\u00fcz karas\u0131 bir katliama imza att\u0131. Tedmur Kasabas\u0131nda g\u00fcvenilir yerel kaynaklar; tekfirci I\u015e\u0130D \u00e7etelerinin kasabada geneli \u00e7ocuk, kad\u0131n ve ya\u015fl\u0131lardan olu\u015fan 400\u2019den fazla vatanda\u015f\u0131 dayatmalar\u0131n\u0131 reddettikleri gerek\u00e7esiyle &hellip;<\/p>\n","protected":false},"author":1,"featured_media":34421,"comment_status":"closed","ping_status":"closed","sticky":false,"template":"","format":"standard","meta":{"footnotes":""},"categories":[575],"tags":[],"class_list":["post-34396","post","type-post","status-publish","format-standard","has-post-thumbnail","","category-olaylar-ve-gercekler"],"_links":{"self":[{"href":"https:\/\/archive.sana.sy\/tr\/index.php?rest_route=\/wp\/v2\/posts\/34396","targetHints":{"allow":["GET"]}}],"collection":[{"href":"https:\/\/archive.sana.sy\/tr\/index.php?rest_route=\/wp\/v2\/posts"}],"about":[{"href":"https:\/\/archive.sana.sy\/tr\/index.php?rest_route=\/wp\/v2\/types\/post"}],"author":[{"embeddable":true,"href":"https:\/\/archive.sana.sy\/tr\/index.php?rest_route=\/wp\/v2\/users\/1"}],"replies":[{"embeddable":true,"href":"https:\/\/archive.sana.sy\/tr\/index.php?rest_route=%2Fwp%2Fv2%2Fcomments&post=34396"}],"version-history":[{"count":0,"href":"https:\/\/archive.sana.sy\/tr\/index.php?rest_route=\/wp\/v2\/posts\/34396\/revisions"}],"wp:featuredmedia":[{"embeddable":true,"href":"https:\/\/archive.sana.sy\/tr\/index.php?rest_route=\/wp\/v2\/media\/34421"}],"wp:attachment":[{"href":"https:\/\/archive.sana.sy\/tr\/index.php?rest_route=%2Fwp%2Fv2%2Fmedia&parent=34396"}],"wp:term":[{"taxonomy":"category","embeddable":true,"href":"https:\/\/archive.sana.sy\/tr\/index.php?rest_route=%2Fwp%2Fv2%2Fcategories&post=34396"},{"taxonomy":"post_tag","embeddable":true,"href":"https:\/\/archive.sana.sy\/tr\/index.php?rest_route=%2Fwp%2Fv2%2Ftags&post=34396"}],"curies":[{"name":"wp","href":"https:\/\/api.w.org\/{rel}","templated":true}]}}