{"id":34415,"date":"2015-05-24T15:24:20","date_gmt":"2015-05-24T12:24:20","guid":{"rendered":"http:\/\/sana.sy\/tr\/?p=34415"},"modified":"2015-05-24T15:49:45","modified_gmt":"2015-05-24T12:49:45","slug":"brukselde-teror-destekcisi-devletleri-kinayan-eylem","status":"publish","type":"post","link":"https:\/\/archive.sana.sy\/tr\/?p=34415","title":{"rendered":"Br\u00fcksel\u2019de Ter\u00f6r Destek\u00e7isi Devletleri K\u0131nayan Eylem"},"content":{"rendered":"<p>BR\u00dcKSEL \u2013 Arap ve Frans\u0131z cemiyetlerden bir grup bug\u00fcn Avrupa Parlamentosunun Bel\u00e7ika\u2019n\u0131n ba\u015fkenti Br\u00fcksel\u2019deki binas\u0131 \u00f6n\u00fcnde ter\u00f6r \u00f6rg\u00fctlerini destekleyen devletleri k\u0131nayan bir eylem d\u00fczenlediler.<\/p>\n<p>Eylem kat\u0131l\u0131mc\u0131lar\u0131 ba\u015fta T\u00fcrkiye, Suudi Arabistan ve Fransa olmak \u00fczere muhtelif adland\u0131rmalar alt\u0131ndaki ter\u00f6r \u00f6rg\u00fctleri destekleyen devletleri \u015fiddetle k\u0131nad\u0131klar\u0131n\u0131 vurgulad\u0131. Ter\u00f6ristlere her t\u00fcrl\u00fc maddi, lojistik ve askeri deste\u011fin derhal durdurulmas\u0131n\u0131 talep eden eylemciler; halklara y\u00f6nelik katliamlara son verilmesini de talep ettiler.<\/p>\n<p>Ter\u00f6r \u00f6rg\u00fctlerinin tarihi eserler ve medeniyetleri sabote etme yada ya\u011fmalama eylemlerine son vermeleri i\u00e7in uluslar aras\u0131 toplum ve \u00f6rg\u00fctlerini g\u00f6reve \u00e7a\u011f\u0131ran eylemciler; Suriye&#8217;de Palmira (Tedmur) Medeniyetinin yan\u0131 s\u0131ra Yemen\u2019de Saba b\u00f6lgesinin maruz kald\u0131\u011f\u0131 ya\u011fmalama ve sabotaj sald\u0131r\u0131lar\u0131n\u0131n durdurulmas\u0131n\u0131 talep ettiler.<\/p>\n<div id='gallery-1' class='gallery galleryid-34415 gallery-columns-2 gallery-size-thumbnail'><figure class='gallery-item'>\n\t\t\t<div class='gallery-icon landscape'>\n\t\t\t\t<a href='https:\/\/archive.sana.sy\/tr\/wp-content\/uploads\/2015\/05\/Br\u00fcksel\u2019de-Ter\u00f6r-Destek\u00e7isi-Devletleri-K\u0131nayan-Eylem-1.jpg'><img loading=\"lazy\" decoding=\"async\" width=\"150\" height=\"101\" src=\"https:\/\/archive.sana.sy\/tr\/wp-content\/uploads\/2015\/05\/Br\u00fcksel\u2019de-Ter\u00f6r-Destek\u00e7isi-Devletleri-K\u0131nayan-Eylem-1-150x101.jpg\" class=\"attachment-thumbnail size-thumbnail\" alt=\"\" srcset=\"https:\/\/archive.sana.sy\/tr\/wp-content\/uploads\/2015\/05\/Br\u00fcksel\u2019de-Ter\u00f6r-Destek\u00e7isi-Devletleri-K\u0131nayan-Eylem-1-150x101.jpg 150w, https:\/\/archive.sana.sy\/tr\/wp-content\/uploads\/2015\/05\/Br\u00fcksel\u2019de-Ter\u00f6r-Destek\u00e7isi-Devletleri-K\u0131nayan-Eylem-1-300x202.jpg 300w, https:\/\/archive.sana.sy\/tr\/wp-content\/uploads\/2015\/05\/Br\u00fcksel\u2019de-Ter\u00f6r-Destek\u00e7isi-Devletleri-K\u0131nayan-Eylem-1-1024x690.jpg 1024w\" sizes=\"auto, (max-width: 150px) 100vw, 150px\" \/><\/a>\n\t\t\t<\/div><\/figure><figure class='gallery-item'>\n\t\t\t<div class='gallery-icon landscape'>\n\t\t\t\t<a href='https:\/\/archive.sana.sy\/tr\/wp-content\/uploads\/2015\/05\/Br\u00fcksel\u2019de-Ter\u00f6r-Destek\u00e7isi-Devletleri-K\u0131nayan-Eylem-2.jpg'><img loading=\"lazy\" decoding=\"async\" width=\"150\" height=\"104\" src=\"https:\/\/archive.sana.sy\/tr\/wp-content\/uploads\/2015\/05\/Br\u00fcksel\u2019de-Ter\u00f6r-Destek\u00e7isi-Devletleri-K\u0131nayan-Eylem-2-150x104.jpg\" class=\"attachment-thumbnail size-thumbnail\" alt=\"\" srcset=\"https:\/\/archive.sana.sy\/tr\/wp-content\/uploads\/2015\/05\/Br\u00fcksel\u2019de-Ter\u00f6r-Destek\u00e7isi-Devletleri-K\u0131nayan-Eylem-2-150x104.jpg 150w, https:\/\/archive.sana.sy\/tr\/wp-content\/uploads\/2015\/05\/Br\u00fcksel\u2019de-Ter\u00f6r-Destek\u00e7isi-Devletleri-K\u0131nayan-Eylem-2-300x208.jpg 300w, https:\/\/archive.sana.sy\/tr\/wp-content\/uploads\/2015\/05\/Br\u00fcksel\u2019de-Ter\u00f6r-Destek\u00e7isi-Devletleri-K\u0131nayan-Eylem-2-1024x708.jpg 1024w\" sizes=\"auto, (max-width: 150px) 100vw, 150px\" \/><\/a>\n\t\t\t<\/div><\/figure><figure class='gallery-item'>\n\t\t\t<div class='gallery-icon landscape'>\n\t\t\t\t<a href='https:\/\/archive.sana.sy\/tr\/wp-content\/uploads\/2015\/05\/Br\u00fcksel\u2019de-Ter\u00f6r-Destek\u00e7isi-Devletleri-K\u0131nayan-Eylem-3.jpg'><img loading=\"lazy\" decoding=\"async\" width=\"150\" height=\"102\" src=\"https:\/\/archive.sana.sy\/tr\/wp-content\/uploads\/2015\/05\/Br\u00fcksel\u2019de-Ter\u00f6r-Destek\u00e7isi-Devletleri-K\u0131nayan-Eylem-3-150x102.jpg\" class=\"attachment-thumbnail size-thumbnail\" alt=\"\" srcset=\"https:\/\/archive.sana.sy\/tr\/wp-content\/uploads\/2015\/05\/Br\u00fcksel\u2019de-Ter\u00f6r-Destek\u00e7isi-Devletleri-K\u0131nayan-Eylem-3-150x102.jpg 150w, https:\/\/archive.sana.sy\/tr\/wp-content\/uploads\/2015\/05\/Br\u00fcksel\u2019de-Ter\u00f6r-Destek\u00e7isi-Devletleri-K\u0131nayan-Eylem-3-300x203.jpg 300w, https:\/\/archive.sana.sy\/tr\/wp-content\/uploads\/2015\/05\/Br\u00fcksel\u2019de-Ter\u00f6r-Destek\u00e7isi-Devletleri-K\u0131nayan-Eylem-3-1024x693.jpg 1024w\" sizes=\"auto, (max-width: 150px) 100vw, 150px\" \/><\/a>\n\t\t\t<\/div><\/figure><figure class='gallery-item'>\n\t\t\t<div class='gallery-icon landscape'>\n\t\t\t\t<a href='https:\/\/archive.sana.sy\/tr\/wp-content\/uploads\/2015\/05\/Br\u00fcksel\u2019de-Ter\u00f6r-Destek\u00e7isi-Devletleri-K\u0131nayan-Eylem-4.jpg'><img loading=\"lazy\" decoding=\"async\" width=\"150\" height=\"107\" src=\"https:\/\/archive.sana.sy\/tr\/wp-content\/uploads\/2015\/05\/Br\u00fcksel\u2019de-Ter\u00f6r-Destek\u00e7isi-Devletleri-K\u0131nayan-Eylem-4-150x107.jpg\" class=\"attachment-thumbnail size-thumbnail\" alt=\"\" srcset=\"https:\/\/archive.sana.sy\/tr\/wp-content\/uploads\/2015\/05\/Br\u00fcksel\u2019de-Ter\u00f6r-Destek\u00e7isi-Devletleri-K\u0131nayan-Eylem-4-150x107.jpg 150w, https:\/\/archive.sana.sy\/tr\/wp-content\/uploads\/2015\/05\/Br\u00fcksel\u2019de-Ter\u00f6r-Destek\u00e7isi-Devletleri-K\u0131nayan-Eylem-4-300x215.jpg 300w, https:\/\/archive.sana.sy\/tr\/wp-content\/uploads\/2015\/05\/Br\u00fcksel\u2019de-Ter\u00f6r-Destek\u00e7isi-Devletleri-K\u0131nayan-Eylem-4-1024x733.jpg 1024w\" sizes=\"auto, (max-width: 150px) 100vw, 150px\" \/><\/a>\n\t\t\t<\/div><\/figure>\n\t\t<\/div>\n\n<p>A.A. &#8211; M.M.<\/p>\n","protected":false},"excerpt":{"rendered":"<p>BR\u00dcKSEL \u2013 Arap ve Frans\u0131z cemiyetlerden bir grup bug\u00fcn Avrupa Parlamentosunun Bel\u00e7ika\u2019n\u0131n ba\u015fkenti Br\u00fcksel\u2019deki binas\u0131 \u00f6n\u00fcnde ter\u00f6r \u00f6rg\u00fctlerini destekleyen devletleri k\u0131nayan bir eylem d\u00fczenlediler. Eylem kat\u0131l\u0131mc\u0131lar\u0131 ba\u015fta T\u00fcrkiye, Suudi Arabistan ve Fransa olmak \u00fczere muhtelif adland\u0131rmalar alt\u0131ndaki ter\u00f6r \u00f6rg\u00fctleri destekleyen devletleri \u015fiddetle k\u0131nad\u0131klar\u0131n\u0131 vurgulad\u0131. Ter\u00f6ristlere her t\u00fcrl\u00fc maddi, lojistik ve askeri deste\u011fin derhal durdurulmas\u0131n\u0131 talep &hellip;<\/p>\n","protected":false},"author":1,"featured_media":34417,"comment_status":"closed","ping_status":"closed","sticky":false,"template":"","format":"standard","meta":{"footnotes":""},"categories":[458,459,447,2554,2555],"tags":[],"class_list":["post-34415","post","type-post","status-publish","format-standard","has-post-thumbnail","","category-dunya1","category-haberler-arap-uluslararasi-politika","category-politika","category-suriye-ve-dunya","category-suriye-ve-turkiye"],"_links":{"self":[{"href":"https:\/\/archive.sana.sy\/tr\/index.php?rest_route=\/wp\/v2\/posts\/34415","targetHints":{"allow":["GET"]}}],"collection":[{"href":"https:\/\/archive.sana.sy\/tr\/index.php?rest_route=\/wp\/v2\/posts"}],"about":[{"href":"https:\/\/archive.sana.sy\/tr\/index.php?rest_route=\/wp\/v2\/types\/post"}],"author":[{"embeddable":true,"href":"https:\/\/archive.sana.sy\/tr\/index.php?rest_route=\/wp\/v2\/users\/1"}],"replies":[{"embeddable":true,"href":"https:\/\/archive.sana.sy\/tr\/index.php?rest_route=%2Fwp%2Fv2%2Fcomments&post=34415"}],"version-history":[{"count":0,"href":"https:\/\/archive.sana.sy\/tr\/index.php?rest_route=\/wp\/v2\/posts\/34415\/revisions"}],"wp:featuredmedia":[{"embeddable":true,"href":"https:\/\/archive.sana.sy\/tr\/index.php?rest_route=\/wp\/v2\/media\/34417"}],"wp:attachment":[{"href":"https:\/\/archive.sana.sy\/tr\/index.php?rest_route=%2Fwp%2Fv2%2Fmedia&parent=34415"}],"wp:term":[{"taxonomy":"category","embeddable":true,"href":"https:\/\/archive.sana.sy\/tr\/index.php?rest_route=%2Fwp%2Fv2%2Fcategories&post=34415"},{"taxonomy":"post_tag","embeddable":true,"href":"https:\/\/archive.sana.sy\/tr\/index.php?rest_route=%2Fwp%2Fv2%2Ftags&post=34415"}],"curies":[{"name":"wp","href":"https:\/\/api.w.org\/{rel}","templated":true}]}}