{"id":34425,"date":"2015-05-24T15:35:12","date_gmt":"2015-05-24T12:35:12","guid":{"rendered":"http:\/\/sana.sy\/tr\/?p=34425"},"modified":"2015-05-24T15:49:49","modified_gmt":"2015-05-24T12:49:49","slug":"basbakan-katliamin-sorumlusu-teroru-destekleyen-devletlerdir","status":"publish","type":"post","link":"https:\/\/archive.sana.sy\/tr\/?p=34425","title":{"rendered":"Ba\u015fbakan: Katliam\u0131n Sorumlusu Ter\u00f6r\u00fc Destekleyen Devletlerdir"},"content":{"rendered":"<p>\u015eAM \u2013 Ba\u015fbakan Vail el Halaki I\u015e\u0130D tekfircilerinin Homs k\u0131rsal\u0131n\u0131n do\u011fusu Tedmur Kasabas\u0131nda y\u00fczlerce vatanda\u015f\u0131n kurban gitmesine yol a\u00e7an insanl\u0131k d\u0131\u015f\u0131 katliamlar\u0131 \u015fiddetle k\u0131narken; bu \u00e7irkef vah\u015fetlerin sorumlulu\u011funu T\u00fcrkiye, Suudi Arabistan, Katar ve ter\u00f6r\u00fc destekleyen di\u011fer devletlere y\u00fckledi.<\/p>\n<p>Ba\u015fbakan Halaki muhtelif adland\u0131rmalar alt\u0131nda ter\u00f6r ve deh\u015fet estiren ter\u00f6r \u00f6rg\u00fctlere desteklerini kesmeleri i\u00e7in bu devletlerin zorlanmalar\u0131nda uluslar aras\u0131 toplum ve insani \u00f6rg\u00fctlerini sorumluluk ve g\u00f6reve \u00e7a\u011f\u0131rd\u0131.<\/p>\n<p>Suriye halk\u0131n\u0131 vah\u015fice hedef alan \u00e7okuluslu ter\u00f6r\u00fcn t\u00fcm b\u00f6lge ve hatta t\u00fcm d\u00fcnya i\u00e7in b\u00fcy\u00fck bir tehlike te\u015fkil etti\u011fine bir kez daha dikkat \u00e7eken Halaki; Suriye&#8217;nin halk\u0131 ve t\u00fcm kurumlar\u0131yla bu ter\u00f6re kar\u015f\u0131 sava\u015f\u0131n\u0131 azim ve kararl\u0131l\u0131kla s\u00fcrd\u00fcrece\u011fini vurgulad\u0131.<\/p>\n<p>A.A. &#8211; M.M.<\/p>\n","protected":false},"excerpt":{"rendered":"<p>\u015eAM \u2013 Ba\u015fbakan Vail el Halaki I\u015e\u0130D tekfircilerinin Homs k\u0131rsal\u0131n\u0131n do\u011fusu Tedmur Kasabas\u0131nda y\u00fczlerce vatanda\u015f\u0131n kurban gitmesine yol a\u00e7an insanl\u0131k d\u0131\u015f\u0131 katliamlar\u0131 \u015fiddetle k\u0131narken; bu \u00e7irkef vah\u015fetlerin sorumlulu\u011funu T\u00fcrkiye, Suudi Arabistan, Katar ve ter\u00f6r\u00fc destekleyen di\u011fer devletlere y\u00fckledi. Ba\u015fbakan Halaki muhtelif adland\u0131rmalar alt\u0131nda ter\u00f6r ve deh\u015fet estiren ter\u00f6r \u00f6rg\u00fctlere desteklerini kesmeleri i\u00e7in bu devletlerin zorlanmalar\u0131nda &hellip;<\/p>\n","protected":false},"author":1,"featured_media":34429,"comment_status":"closed","ping_status":"closed","sticky":false,"template":"","format":"standard","meta":{"footnotes":""},"categories":[479,2554,2555,478],"tags":[14766],"class_list":["post-34425","post","type-post","status-publish","format-standard","has-post-thumbnail","","category-haberler-yerel","category-suriye-ve-dunya","category-suriye-ve-turkiye","category-yerel","tag-basbakan-katliamin-sorumlusu-teroru-destekleyen-devletlerdir"],"_links":{"self":[{"href":"https:\/\/archive.sana.sy\/tr\/index.php?rest_route=\/wp\/v2\/posts\/34425","targetHints":{"allow":["GET"]}}],"collection":[{"href":"https:\/\/archive.sana.sy\/tr\/index.php?rest_route=\/wp\/v2\/posts"}],"about":[{"href":"https:\/\/archive.sana.sy\/tr\/index.php?rest_route=\/wp\/v2\/types\/post"}],"author":[{"embeddable":true,"href":"https:\/\/archive.sana.sy\/tr\/index.php?rest_route=\/wp\/v2\/users\/1"}],"replies":[{"embeddable":true,"href":"https:\/\/archive.sana.sy\/tr\/index.php?rest_route=%2Fwp%2Fv2%2Fcomments&post=34425"}],"version-history":[{"count":0,"href":"https:\/\/archive.sana.sy\/tr\/index.php?rest_route=\/wp\/v2\/posts\/34425\/revisions"}],"wp:featuredmedia":[{"embeddable":true,"href":"https:\/\/archive.sana.sy\/tr\/index.php?rest_route=\/wp\/v2\/media\/34429"}],"wp:attachment":[{"href":"https:\/\/archive.sana.sy\/tr\/index.php?rest_route=%2Fwp%2Fv2%2Fmedia&parent=34425"}],"wp:term":[{"taxonomy":"category","embeddable":true,"href":"https:\/\/archive.sana.sy\/tr\/index.php?rest_route=%2Fwp%2Fv2%2Fcategories&post=34425"},{"taxonomy":"post_tag","embeddable":true,"href":"https:\/\/archive.sana.sy\/tr\/index.php?rest_route=%2Fwp%2Fv2%2Ftags&post=34425"}],"curies":[{"name":"wp","href":"https:\/\/api.w.org\/{rel}","templated":true}]}}