{"id":34456,"date":"2015-05-24T20:53:14","date_gmt":"2015-05-24T17:53:14","guid":{"rendered":"http:\/\/sana.sy\/tr\/?p=34456"},"modified":"2015-05-25T17:12:02","modified_gmt":"2015-05-25T14:12:02","slug":"34456","status":"publish","type":"post","link":"https:\/\/archive.sana.sy\/tr\/?p=34456","title":{"rendered":"Antakya \u2013 Serinyol Ahalisinden E\u011fit-Donat Program\u0131na Protesto Mitingi"},"content":{"rendered":"<p>ANTAKYA \u2013 T\u00fcrkiye&#8217;deki eli kanl\u0131 katil AKP rejimi ve Suriye&#8217;de halka kar\u015f\u0131 her t\u00fcrl\u00fc vah\u015fette bulunan tekfirci ter\u00f6ristlere deste\u011fini protesto etme amac\u0131yla bug\u00fcn Antakya&#8217;n\u0131n Serinyol Semtinde geni\u015f hal kitlelerinin kat\u0131ld\u0131\u011f\u0131 bir miting d\u00fczenlendi.<\/p>\n<p>Sendika Org web haber sitesinin aktard\u0131\u011f\u0131 haberde Sava\u015fa Kar\u015f\u0131 Ya\u015fam Hakk\u0131 Meclisinin AKP\u2019nin mezhep\u00e7i sava\u015f politikalar\u0131na ve Serinyol\u2019da gayri resmi olarak e\u011fitip donatt\u0131\u011f\u0131 cihat\u00e7\u0131 \u00e7etelere kar\u015f\u0131 \u201cB\u00fcy\u00fck Serinyol Bulu\u015fmas\u0131\u201d ger\u00e7ekle\u015ftirdi\u011fi belirtildi.<\/p>\n<p>AKP\u2019nin mezhep\u00e7i sava\u015f politikalar\u0131na kar\u015f\u0131 slogan atan halk kitleleri, Suriye\u2019de b\u00f6lge halklar\u0131n\u0131 katleden ve T\u00fcrkiye\u2019de de ba\u015fta g\u00fcney illerindeki yurtta\u015flar\u0131 tehdit eden ter\u00f6rist \u00e7etelere kar\u015f\u0131 her t\u00fcrl\u00fc deste\u011fin kesilmesini talep etti.<\/p>\n<p>Antakya\u2019n\u0131n Serinyol Semtindeki askeri bir b\u00f6lgede tekfirci ter\u00f6ristlerin gayr\u0131 me\u015fru yollarla e\u011fit donat program\u0131 kapsam\u0131nda e\u011fitilmelerine kar\u015f\u0131 tepkilerini ifade eden halk kitleleri, Suriye&#8217;nin ter\u00f6re kar\u015f\u0131 sava\u015f\u0131n\u0131 destekleyen ve Suriye ile dayan\u0131\u015fmalar\u0131n\u0131 ifade eden sloganlar att\u0131lar. Kat\u0131l\u0131mc\u0131lar Cumhurba\u015fkan\u0131 Be\u015f\u015far el Esad\u2019\u0131n foto\u011fraflar\u0131n\u0131 ta\u015f\u0131yarak katil Erdo\u011fan\u2019\u0131 \u2018diktat\u00f6r\u2019 olarak nitelendirdi. Kat\u0131l\u0131mc\u0131lar AKP h\u00fck\u00fcmeti ve Suriye&#8217;de masum insanlar\u0131 katleden ter\u00f6ristlerden yana tutumlar\u0131n\u0131 k\u0131nad\u0131lar.<\/p>\n<p>Halk kitlelerini \u00f6nlemek ve da\u011f\u0131tmak amac\u0131yla yollara barikat kuran Erdo\u011fan polisi, halk\u0131n g\u00f6steri \u0131srar\u0131 ve siyasi \u015fahsiyetlerin m\u00fcdahalesi sonucunca \u00e7ekilmek zorunda kald\u0131.<\/p>\n<p>G\u00f6steriye muhalefetten siyasi parti temsilcileri ve sivil toplum faaliyetlerin yan\u0131 s\u0131ra ba\u011f\u0131ms\u0131z milletvekili aday\u0131 Refik Ery\u0131lmaz\u2019da kat\u0131ld\u0131. Antakya\u2019n\u0131n muhtelif b\u00f6lgelerine ilaveten Adana, Mersin ve Tarsus\u2019tan vatanda\u015flar kat\u0131l\u0131m g\u00f6sterdi.<\/p>\n<p>Mitingde yap\u0131lan konu\u015fmalarda Erdo\u011fan rejiminin tekfirci ter\u00f6r \u00f6rg\u00fctlere deste\u011fini \u00f6rtbas etmek i\u00e7in bu ter\u00f6ristlere muhtelif adland\u0131rmalar vererek her t\u00fcrl\u00fc destek temin etti\u011fini vurgulad\u0131. Konu\u015fmac\u0131lar insanl\u0131kla hi\u00e7bir alakalar\u0131 olmayan bu az\u0131l\u0131 katillerin T\u00fcrkiye&#8217;de s\u0131n\u0131ra yak\u0131n b\u00f6lgelerde halka kar\u015f\u0131 te\u015fkil ettikleri ciddi tehlikeye \u0131\u015f\u0131k tuttu.<\/p>\n<p>Konu\u015fmac\u0131lar ayn\u0131 zamanda Suriye&#8217;de ak\u0131t\u0131lan masum kanlar\u0131n sorumlulu\u011funu AKP rejimi ve katil Erdo\u011fan\u2019a y\u00fcklediler.<\/p>\n<div id='gallery-1' class='gallery galleryid-34456 gallery-columns-3 gallery-size-thumbnail'><figure class='gallery-item'>\n\t\t\t<div class='gallery-icon landscape'>\n\t\t\t\t<a href='https:\/\/archive.sana.sy\/tr\/wp-content\/uploads\/2015\/05\/turkish.jpg'><img loading=\"lazy\" decoding=\"async\" width=\"150\" height=\"83\" src=\"https:\/\/archive.sana.sy\/tr\/wp-content\/uploads\/2015\/05\/turkish-150x83.jpg\" class=\"attachment-thumbnail size-thumbnail\" alt=\"\" srcset=\"https:\/\/archive.sana.sy\/tr\/wp-content\/uploads\/2015\/05\/turkish-150x83.jpg 150w, https:\/\/archive.sana.sy\/tr\/wp-content\/uploads\/2015\/05\/turkish-300x166.jpg 300w, https:\/\/archive.sana.sy\/tr\/wp-content\/uploads\/2015\/05\/turkish.jpg 615w\" sizes=\"auto, (max-width: 150px) 100vw, 150px\" \/><\/a>\n\t\t\t<\/div><\/figure><figure class='gallery-item'>\n\t\t\t<div class='gallery-icon landscape'>\n\t\t\t\t<a href='https:\/\/archive.sana.sy\/tr\/wp-content\/uploads\/2015\/05\/turkish-2.jpg'><img loading=\"lazy\" decoding=\"async\" width=\"150\" height=\"113\" src=\"https:\/\/archive.sana.sy\/tr\/wp-content\/uploads\/2015\/05\/turkish-2-150x113.jpg\" class=\"attachment-thumbnail size-thumbnail\" alt=\"\" srcset=\"https:\/\/archive.sana.sy\/tr\/wp-content\/uploads\/2015\/05\/turkish-2-150x113.jpg 150w, https:\/\/archive.sana.sy\/tr\/wp-content\/uploads\/2015\/05\/turkish-2-300x225.jpg 300w, https:\/\/archive.sana.sy\/tr\/wp-content\/uploads\/2015\/05\/turkish-2.jpg 600w\" sizes=\"auto, (max-width: 150px) 100vw, 150px\" \/><\/a>\n\t\t\t<\/div><\/figure><figure class='gallery-item'>\n\t\t\t<div class='gallery-icon landscape'>\n\t\t\t\t<a href='https:\/\/archive.sana.sy\/tr\/wp-content\/uploads\/2015\/05\/turkish-3.jpg'><img loading=\"lazy\" decoding=\"async\" width=\"150\" height=\"113\" src=\"https:\/\/archive.sana.sy\/tr\/wp-content\/uploads\/2015\/05\/turkish-3-150x113.jpg\" class=\"attachment-thumbnail size-thumbnail\" alt=\"\" srcset=\"https:\/\/archive.sana.sy\/tr\/wp-content\/uploads\/2015\/05\/turkish-3-150x113.jpg 150w, https:\/\/archive.sana.sy\/tr\/wp-content\/uploads\/2015\/05\/turkish-3-300x225.jpg 300w, https:\/\/archive.sana.sy\/tr\/wp-content\/uploads\/2015\/05\/turkish-3.jpg 600w\" sizes=\"auto, (max-width: 150px) 100vw, 150px\" \/><\/a>\n\t\t\t<\/div><\/figure><figure class='gallery-item'>\n\t\t\t<div class='gallery-icon landscape'>\n\t\t\t\t<a href='https:\/\/archive.sana.sy\/tr\/wp-content\/uploads\/2015\/05\/turkish-4.jpg'><img loading=\"lazy\" decoding=\"async\" width=\"150\" height=\"113\" src=\"https:\/\/archive.sana.sy\/tr\/wp-content\/uploads\/2015\/05\/turkish-4-150x113.jpg\" class=\"attachment-thumbnail size-thumbnail\" alt=\"\" srcset=\"https:\/\/archive.sana.sy\/tr\/wp-content\/uploads\/2015\/05\/turkish-4-150x113.jpg 150w, https:\/\/archive.sana.sy\/tr\/wp-content\/uploads\/2015\/05\/turkish-4-300x225.jpg 300w, https:\/\/archive.sana.sy\/tr\/wp-content\/uploads\/2015\/05\/turkish-4.jpg 600w\" sizes=\"auto, (max-width: 150px) 100vw, 150px\" \/><\/a>\n\t\t\t<\/div><\/figure><figure class='gallery-item'>\n\t\t\t<div class='gallery-icon landscape'>\n\t\t\t\t<a href='https:\/\/archive.sana.sy\/tr\/wp-content\/uploads\/2015\/05\/turkish-5.jpg'><img loading=\"lazy\" decoding=\"async\" width=\"150\" height=\"113\" src=\"https:\/\/archive.sana.sy\/tr\/wp-content\/uploads\/2015\/05\/turkish-5-150x113.jpg\" class=\"attachment-thumbnail size-thumbnail\" alt=\"\" srcset=\"https:\/\/archive.sana.sy\/tr\/wp-content\/uploads\/2015\/05\/turkish-5-150x113.jpg 150w, https:\/\/archive.sana.sy\/tr\/wp-content\/uploads\/2015\/05\/turkish-5-300x225.jpg 300w, https:\/\/archive.sana.sy\/tr\/wp-content\/uploads\/2015\/05\/turkish-5.jpg 960w\" sizes=\"auto, (max-width: 150px) 100vw, 150px\" \/><\/a>\n\t\t\t<\/div><\/figure><figure class='gallery-item'>\n\t\t\t<div class='gallery-icon landscape'>\n\t\t\t\t<a href='https:\/\/archive.sana.sy\/tr\/wp-content\/uploads\/2015\/05\/turkish-6.jpg'><img loading=\"lazy\" decoding=\"async\" width=\"150\" height=\"113\" src=\"https:\/\/archive.sana.sy\/tr\/wp-content\/uploads\/2015\/05\/turkish-6-150x113.jpg\" class=\"attachment-thumbnail size-thumbnail\" alt=\"\" srcset=\"https:\/\/archive.sana.sy\/tr\/wp-content\/uploads\/2015\/05\/turkish-6-150x113.jpg 150w, https:\/\/archive.sana.sy\/tr\/wp-content\/uploads\/2015\/05\/turkish-6-300x225.jpg 300w, https:\/\/archive.sana.sy\/tr\/wp-content\/uploads\/2015\/05\/turkish-6.jpg 960w\" sizes=\"auto, (max-width: 150px) 100vw, 150px\" \/><\/a>\n\t\t\t<\/div><\/figure><figure class='gallery-item'>\n\t\t\t<div class='gallery-icon landscape'>\n\t\t\t\t<a href='https:\/\/archive.sana.sy\/tr\/wp-content\/uploads\/2015\/05\/turkish-7.jpg'><img loading=\"lazy\" decoding=\"async\" width=\"150\" height=\"113\" src=\"https:\/\/archive.sana.sy\/tr\/wp-content\/uploads\/2015\/05\/turkish-7-150x113.jpg\" class=\"attachment-thumbnail size-thumbnail\" alt=\"\" srcset=\"https:\/\/archive.sana.sy\/tr\/wp-content\/uploads\/2015\/05\/turkish-7-150x113.jpg 150w, https:\/\/archive.sana.sy\/tr\/wp-content\/uploads\/2015\/05\/turkish-7-300x225.jpg 300w, https:\/\/archive.sana.sy\/tr\/wp-content\/uploads\/2015\/05\/turkish-7-1024x768.jpg 1024w, https:\/\/archive.sana.sy\/tr\/wp-content\/uploads\/2015\/05\/turkish-7.jpg 1280w\" sizes=\"auto, (max-width: 150px) 100vw, 150px\" \/><\/a>\n\t\t\t<\/div><\/figure><figure class='gallery-item'>\n\t\t\t<div class='gallery-icon landscape'>\n\t\t\t\t<a href='https:\/\/archive.sana.sy\/tr\/wp-content\/uploads\/2015\/05\/turkish-8.jpg'><img loading=\"lazy\" decoding=\"async\" width=\"150\" height=\"113\" src=\"https:\/\/archive.sana.sy\/tr\/wp-content\/uploads\/2015\/05\/turkish-8-150x113.jpg\" class=\"attachment-thumbnail size-thumbnail\" alt=\"\" srcset=\"https:\/\/archive.sana.sy\/tr\/wp-content\/uploads\/2015\/05\/turkish-8-150x113.jpg 150w, https:\/\/archive.sana.sy\/tr\/wp-content\/uploads\/2015\/05\/turkish-8-300x225.jpg 300w, https:\/\/archive.sana.sy\/tr\/wp-content\/uploads\/2015\/05\/turkish-8.jpg 600w\" sizes=\"auto, (max-width: 150px) 100vw, 150px\" \/><\/a>\n\t\t\t<\/div><\/figure><figure class='gallery-item'>\n\t\t\t<div class='gallery-icon landscape'>\n\t\t\t\t<a href='https:\/\/archive.sana.sy\/tr\/wp-content\/uploads\/2015\/05\/turkish-9.jpg'><img loading=\"lazy\" decoding=\"async\" width=\"150\" height=\"113\" src=\"https:\/\/archive.sana.sy\/tr\/wp-content\/uploads\/2015\/05\/turkish-9-150x113.jpg\" class=\"attachment-thumbnail size-thumbnail\" alt=\"\" srcset=\"https:\/\/archive.sana.sy\/tr\/wp-content\/uploads\/2015\/05\/turkish-9-150x113.jpg 150w, https:\/\/archive.sana.sy\/tr\/wp-content\/uploads\/2015\/05\/turkish-9-300x225.jpg 300w, https:\/\/archive.sana.sy\/tr\/wp-content\/uploads\/2015\/05\/turkish-9.jpg 600w\" sizes=\"auto, (max-width: 150px) 100vw, 150px\" \/><\/a>\n\t\t\t<\/div><\/figure><figure class='gallery-item'>\n\t\t\t<div class='gallery-icon landscape'>\n\t\t\t\t<a href='https:\/\/archive.sana.sy\/tr\/wp-content\/uploads\/2015\/05\/turkish-10.jpg'><img loading=\"lazy\" decoding=\"async\" width=\"150\" height=\"84\" src=\"https:\/\/archive.sana.sy\/tr\/wp-content\/uploads\/2015\/05\/turkish-10-150x84.jpg\" class=\"attachment-thumbnail size-thumbnail\" alt=\"\" srcset=\"https:\/\/archive.sana.sy\/tr\/wp-content\/uploads\/2015\/05\/turkish-10-150x84.jpg 150w, https:\/\/archive.sana.sy\/tr\/wp-content\/uploads\/2015\/05\/turkish-10-300x169.jpg 300w, https:\/\/archive.sana.sy\/tr\/wp-content\/uploads\/2015\/05\/turkish-10.jpg 960w\" sizes=\"auto, (max-width: 150px) 100vw, 150px\" \/><\/a>\n\t\t\t<\/div><\/figure><figure class='gallery-item'>\n\t\t\t<div class='gallery-icon landscape'>\n\t\t\t\t<a href='https:\/\/archive.sana.sy\/tr\/wp-content\/uploads\/2015\/05\/turkish-11.jpg'><img loading=\"lazy\" decoding=\"async\" width=\"150\" height=\"113\" src=\"https:\/\/archive.sana.sy\/tr\/wp-content\/uploads\/2015\/05\/turkish-11-150x113.jpg\" class=\"attachment-thumbnail size-thumbnail\" alt=\"\" srcset=\"https:\/\/archive.sana.sy\/tr\/wp-content\/uploads\/2015\/05\/turkish-11-150x113.jpg 150w, https:\/\/archive.sana.sy\/tr\/wp-content\/uploads\/2015\/05\/turkish-11-300x225.jpg 300w, https:\/\/archive.sana.sy\/tr\/wp-content\/uploads\/2015\/05\/turkish-11.jpg 600w\" sizes=\"auto, (max-width: 150px) 100vw, 150px\" \/><\/a>\n\t\t\t<\/div><\/figure><figure class='gallery-item'>\n\t\t\t<div class='gallery-icon landscape'>\n\t\t\t\t<a href='https:\/\/archive.sana.sy\/tr\/wp-content\/uploads\/2015\/05\/turkish-12.jpg'><img loading=\"lazy\" decoding=\"async\" width=\"150\" height=\"113\" src=\"https:\/\/archive.sana.sy\/tr\/wp-content\/uploads\/2015\/05\/turkish-12-150x113.jpg\" class=\"attachment-thumbnail size-thumbnail\" alt=\"\" srcset=\"https:\/\/archive.sana.sy\/tr\/wp-content\/uploads\/2015\/05\/turkish-12-150x113.jpg 150w, https:\/\/archive.sana.sy\/tr\/wp-content\/uploads\/2015\/05\/turkish-12-300x225.jpg 300w, https:\/\/archive.sana.sy\/tr\/wp-content\/uploads\/2015\/05\/turkish-12.jpg 960w\" sizes=\"auto, (max-width: 150px) 100vw, 150px\" \/><\/a>\n\t\t\t<\/div><\/figure><figure class='gallery-item'>\n\t\t\t<div class='gallery-icon landscape'>\n\t\t\t\t<a href='https:\/\/archive.sana.sy\/tr\/wp-content\/uploads\/2015\/05\/turkish-13.jpg'><img loading=\"lazy\" decoding=\"async\" width=\"150\" height=\"84\" src=\"https:\/\/archive.sana.sy\/tr\/wp-content\/uploads\/2015\/05\/turkish-13-150x84.jpg\" class=\"attachment-thumbnail size-thumbnail\" alt=\"\" srcset=\"https:\/\/archive.sana.sy\/tr\/wp-content\/uploads\/2015\/05\/turkish-13-150x84.jpg 150w, https:\/\/archive.sana.sy\/tr\/wp-content\/uploads\/2015\/05\/turkish-13-300x169.jpg 300w, https:\/\/archive.sana.sy\/tr\/wp-content\/uploads\/2015\/05\/turkish-13.jpg 960w\" sizes=\"auto, (max-width: 150px) 100vw, 150px\" \/><\/a>\n\t\t\t<\/div><\/figure>\n\t\t<\/div>\n\n<p>https:\/\/www.youtube.com\/watch?v=pDDK6yohTeY<\/p>\n<p>A.A. &#8211; M.M.<\/p>\n","protected":false},"excerpt":{"rendered":"<p>ANTAKYA \u2013 T\u00fcrkiye&#8217;deki eli kanl\u0131 katil AKP rejimi ve Suriye&#8217;de halka kar\u015f\u0131 her t\u00fcrl\u00fc vah\u015fette bulunan tekfirci ter\u00f6ristlere deste\u011fini protesto etme amac\u0131yla bug\u00fcn Antakya&#8217;n\u0131n Serinyol Semtinde geni\u015f hal kitlelerinin kat\u0131ld\u0131\u011f\u0131 bir miting d\u00fczenlendi. Sendika Org web haber sitesinin aktard\u0131\u011f\u0131 haberde Sava\u015fa Kar\u015f\u0131 Ya\u015fam Hakk\u0131 Meclisinin AKP\u2019nin mezhep\u00e7i sava\u015f politikalar\u0131na ve Serinyol\u2019da gayri resmi olarak e\u011fitip &hellip;<\/p>\n","protected":false},"author":1,"featured_media":34458,"comment_status":"closed","ping_status":"closed","sticky":false,"template":"","format":"standard","meta":{"footnotes":""},"categories":[458,596,459,447,2554,2555],"tags":[14769],"class_list":["post-34456","post","type-post","status-publish","format-standard","has-post-thumbnail","","category-dunya1","category-fotografli-raporlar","category-haberler-arap-uluslararasi-politika","category-politika","category-suriye-ve-dunya","category-suriye-ve-turkiye","tag-antakya-serinyol-ahalisinden-egit-donat-programina-protesto-mitingi"],"_links":{"self":[{"href":"https:\/\/archive.sana.sy\/tr\/index.php?rest_route=\/wp\/v2\/posts\/34456","targetHints":{"allow":["GET"]}}],"collection":[{"href":"https:\/\/archive.sana.sy\/tr\/index.php?rest_route=\/wp\/v2\/posts"}],"about":[{"href":"https:\/\/archive.sana.sy\/tr\/index.php?rest_route=\/wp\/v2\/types\/post"}],"author":[{"embeddable":true,"href":"https:\/\/archive.sana.sy\/tr\/index.php?rest_route=\/wp\/v2\/users\/1"}],"replies":[{"embeddable":true,"href":"https:\/\/archive.sana.sy\/tr\/index.php?rest_route=%2Fwp%2Fv2%2Fcomments&post=34456"}],"version-history":[{"count":0,"href":"https:\/\/archive.sana.sy\/tr\/index.php?rest_route=\/wp\/v2\/posts\/34456\/revisions"}],"wp:featuredmedia":[{"embeddable":true,"href":"https:\/\/archive.sana.sy\/tr\/index.php?rest_route=\/wp\/v2\/media\/34458"}],"wp:attachment":[{"href":"https:\/\/archive.sana.sy\/tr\/index.php?rest_route=%2Fwp%2Fv2%2Fmedia&parent=34456"}],"wp:term":[{"taxonomy":"category","embeddable":true,"href":"https:\/\/archive.sana.sy\/tr\/index.php?rest_route=%2Fwp%2Fv2%2Fcategories&post=34456"},{"taxonomy":"post_tag","embeddable":true,"href":"https:\/\/archive.sana.sy\/tr\/index.php?rest_route=%2Fwp%2Fv2%2Ftags&post=34456"}],"curies":[{"name":"wp","href":"https:\/\/api.w.org\/{rel}","templated":true}]}}