{"id":34507,"date":"2015-05-25T13:54:30","date_gmt":"2015-05-25T10:54:30","guid":{"rendered":"http:\/\/www.sana.sy\/tr\/?p=34507"},"modified":"2015-05-25T13:54:30","modified_gmt":"2015-05-25T10:54:30","slug":"tedmurda-teroristlerin-vahsetinden-kacan-ailelere-yardim-komitesi-teskil-edildi","status":"publish","type":"post","link":"https:\/\/archive.sana.sy\/tr\/?p=34507","title":{"rendered":"Tedmur\u2019da Ter\u00f6ristlerin Vah\u015fetinden Ka\u00e7an Ailelere Yard\u0131m Komitesi Te\u015fkil Edildi"},"content":{"rendered":"<p>HOMS &#8211; Homs Valisi Telal el Berazi; Homs k\u0131rsal\u0131n\u0131n do\u011fusu Tedmur Kasabas\u0131nda I\u015e\u0130D tekfircilerinin ter\u00f6r ve katliamlar\u0131ndan ka\u00e7an ailelere yard\u0131m ve destek takdim edecek bir komitenin te\u015fkil edildi\u011fini belirtti.<\/p>\n<p>Vali Berazi Valili\u011fin te\u015fkil etti\u011fi komitenin Tedmur\u2019da ter\u00f6r ma\u011fduru ailelere ge\u00e7ici ikamet yerleri temin etmekle birlikte her t\u00fcrl\u00fc yard\u0131m ve destekte bulunaca\u011f\u0131n\u0131 ifade etti. Berazi komitenin ayn\u0131 zamanda Tedmurlu \u00f6\u011frencilere de yard\u0131m ve destekte bulunaca\u011f\u0131n\u0131 s\u00f6yledi.<\/p>\n<p>I\u015e\u0130D tekfircileri Tedmur\u2019da geneli \u00e7ocuk, kad\u0131n ve ya\u015fl\u0131lardan olu\u015fan 400\u2019den fazla sivil vatanda\u015f\u0131 vah\u015fice katletmeleri ard\u0131ndan cesetlerini tenkil etmi\u015fti.<\/p>\n<p>A.A.<\/p>\n","protected":false},"excerpt":{"rendered":"<p>HOMS &#8211; Homs Valisi Telal el Berazi; Homs k\u0131rsal\u0131n\u0131n do\u011fusu Tedmur Kasabas\u0131nda I\u015e\u0130D tekfircilerinin ter\u00f6r ve katliamlar\u0131ndan ka\u00e7an ailelere yard\u0131m ve destek takdim edecek bir komitenin te\u015fkil edildi\u011fini belirtti. Vali Berazi Valili\u011fin te\u015fkil etti\u011fi komitenin Tedmur\u2019da ter\u00f6r ma\u011fduru ailelere ge\u00e7ici ikamet yerleri temin etmekle birlikte her t\u00fcrl\u00fc yard\u0131m ve destekte bulunaca\u011f\u0131n\u0131 ifade etti. Berazi komitenin &hellip;<\/p>\n","protected":false},"author":1,"featured_media":4145,"comment_status":"closed","ping_status":"closed","sticky":false,"template":"","format":"standard","meta":{"footnotes":""},"categories":[479,575,478],"tags":[14781],"class_list":["post-34507","post","type-post","status-publish","format-standard","has-post-thumbnail","","category-haberler-yerel","category-olaylar-ve-gercekler","category-yerel","tag-tedmurda-teroristlerin-vahsetinden-kacan-ailelere-yardim-komitesi-teskil-edildi"],"_links":{"self":[{"href":"https:\/\/archive.sana.sy\/tr\/index.php?rest_route=\/wp\/v2\/posts\/34507","targetHints":{"allow":["GET"]}}],"collection":[{"href":"https:\/\/archive.sana.sy\/tr\/index.php?rest_route=\/wp\/v2\/posts"}],"about":[{"href":"https:\/\/archive.sana.sy\/tr\/index.php?rest_route=\/wp\/v2\/types\/post"}],"author":[{"embeddable":true,"href":"https:\/\/archive.sana.sy\/tr\/index.php?rest_route=\/wp\/v2\/users\/1"}],"replies":[{"embeddable":true,"href":"https:\/\/archive.sana.sy\/tr\/index.php?rest_route=%2Fwp%2Fv2%2Fcomments&post=34507"}],"version-history":[{"count":0,"href":"https:\/\/archive.sana.sy\/tr\/index.php?rest_route=\/wp\/v2\/posts\/34507\/revisions"}],"wp:featuredmedia":[{"embeddable":true,"href":"https:\/\/archive.sana.sy\/tr\/index.php?rest_route=\/wp\/v2\/media\/4145"}],"wp:attachment":[{"href":"https:\/\/archive.sana.sy\/tr\/index.php?rest_route=%2Fwp%2Fv2%2Fmedia&parent=34507"}],"wp:term":[{"taxonomy":"category","embeddable":true,"href":"https:\/\/archive.sana.sy\/tr\/index.php?rest_route=%2Fwp%2Fv2%2Fcategories&post=34507"},{"taxonomy":"post_tag","embeddable":true,"href":"https:\/\/archive.sana.sy\/tr\/index.php?rest_route=%2Fwp%2Fv2%2Ftags&post=34507"}],"curies":[{"name":"wp","href":"https:\/\/api.w.org\/{rel}","templated":true}]}}