{"id":34509,"date":"2015-05-25T14:09:36","date_gmt":"2015-05-25T11:09:36","guid":{"rendered":"http:\/\/www.sana.sy\/tr\/?p=34509"},"modified":"2015-05-25T14:09:36","modified_gmt":"2015-05-25T11:09:36","slug":"fao-ile-ortak-calismalar-masaya-yatirildi","status":"publish","type":"post","link":"https:\/\/archive.sana.sy\/tr\/?p=34509","title":{"rendered":"FAO ile Ortak \u00c7al\u0131\u015fmalar Masaya Yat\u0131r\u0131ld\u0131"},"content":{"rendered":"<p>\u015eAM \u2013 \u00c7evre \u0130\u015flerinden Sorumlu Devlet Bakan\u0131 Nazire Serkis bug\u00fcn Birle\u015fmi\u015f Milletler G\u0131da ve Tar\u0131m \u00d6rg\u00fct\u00fcn\u00fcn \u015eam\u2019daki Daimi Temsilcisi Eriko Hebei ile gelir ve g\u0131da kayna\u011f\u0131 olu\u015fturacak ortak \u00e7al\u0131\u015fmalarda bulunma olanaklar\u0131n\u0131 masaya yat\u0131rd\u0131.<\/p>\n<p>Bakanl\u0131k binas\u0131nda ger\u00e7ekle\u015fen oturumda Bakan Sarkis; \u00f6ncelik s\u0131ras\u0131na g\u00f6re ikili i\u015fbirli\u011fini aktifle\u015ftirme ve peki\u015ftirme \u00f6nemine dikkat \u00e7ekti. Serkis do\u011fu, kuzeydo\u011fu ve badiye b\u00f6lgelerinde \u00e7evre dostu geleneksel sanayinin yan\u0131 s\u0131ra kimyasal i\u00e7ermeyen ev g\u0131da sanayisini destekleme ama\u00e7l\u0131 bakanl\u0131k projelerine \u0131\u015f\u0131k tuttu.<\/p>\n<p>\u0130ki taraf aras\u0131nda daha \u00f6nceden mevcut planlar\u0131n tamamlanmas\u0131 \u00f6nemine i\u015faret eden Serkis; teknik yard\u0131mlar\u0131ndan dolay\u0131 FAO\u2019ya \u015f\u00fckranlar\u0131n\u0131 ifade etti.<\/p>\n<p>A.A.<\/p>\n","protected":false},"excerpt":{"rendered":"<p>\u015eAM \u2013 \u00c7evre \u0130\u015flerinden Sorumlu Devlet Bakan\u0131 Nazire Serkis bug\u00fcn Birle\u015fmi\u015f Milletler G\u0131da ve Tar\u0131m \u00d6rg\u00fct\u00fcn\u00fcn \u015eam\u2019daki Daimi Temsilcisi Eriko Hebei ile gelir ve g\u0131da kayna\u011f\u0131 olu\u015fturacak ortak \u00e7al\u0131\u015fmalarda bulunma olanaklar\u0131n\u0131 masaya yat\u0131rd\u0131. Bakanl\u0131k binas\u0131nda ger\u00e7ekle\u015fen oturumda Bakan Sarkis; \u00f6ncelik s\u0131ras\u0131na g\u00f6re ikili i\u015fbirli\u011fini aktifle\u015ftirme ve peki\u015ftirme \u00f6nemine dikkat \u00e7ekti. Serkis do\u011fu, kuzeydo\u011fu ve badiye &hellip;<\/p>\n","protected":false},"author":1,"featured_media":34513,"comment_status":"closed","ping_status":"closed","sticky":false,"template":"","format":"standard","meta":{"footnotes":""},"categories":[479,478],"tags":[],"class_list":["post-34509","post","type-post","status-publish","format-standard","has-post-thumbnail","","category-haberler-yerel","category-yerel"],"_links":{"self":[{"href":"https:\/\/archive.sana.sy\/tr\/index.php?rest_route=\/wp\/v2\/posts\/34509","targetHints":{"allow":["GET"]}}],"collection":[{"href":"https:\/\/archive.sana.sy\/tr\/index.php?rest_route=\/wp\/v2\/posts"}],"about":[{"href":"https:\/\/archive.sana.sy\/tr\/index.php?rest_route=\/wp\/v2\/types\/post"}],"author":[{"embeddable":true,"href":"https:\/\/archive.sana.sy\/tr\/index.php?rest_route=\/wp\/v2\/users\/1"}],"replies":[{"embeddable":true,"href":"https:\/\/archive.sana.sy\/tr\/index.php?rest_route=%2Fwp%2Fv2%2Fcomments&post=34509"}],"version-history":[{"count":0,"href":"https:\/\/archive.sana.sy\/tr\/index.php?rest_route=\/wp\/v2\/posts\/34509\/revisions"}],"wp:featuredmedia":[{"embeddable":true,"href":"https:\/\/archive.sana.sy\/tr\/index.php?rest_route=\/wp\/v2\/media\/34513"}],"wp:attachment":[{"href":"https:\/\/archive.sana.sy\/tr\/index.php?rest_route=%2Fwp%2Fv2%2Fmedia&parent=34509"}],"wp:term":[{"taxonomy":"category","embeddable":true,"href":"https:\/\/archive.sana.sy\/tr\/index.php?rest_route=%2Fwp%2Fv2%2Fcategories&post=34509"},{"taxonomy":"post_tag","embeddable":true,"href":"https:\/\/archive.sana.sy\/tr\/index.php?rest_route=%2Fwp%2Fv2%2Ftags&post=34509"}],"curies":[{"name":"wp","href":"https:\/\/api.w.org\/{rel}","templated":true}]}}