{"id":34515,"date":"2015-05-25T14:22:23","date_gmt":"2015-05-25T11:22:23","guid":{"rendered":"http:\/\/www.sana.sy\/tr\/?p=34515"},"modified":"2015-05-25T14:22:23","modified_gmt":"2015-05-25T11:22:23","slug":"suudi-bombardimanlarindan-faydalanan-tek-taraf-kaide-orgutudur","status":"publish","type":"post","link":"https:\/\/archive.sana.sy\/tr\/?p=34515","title":{"rendered":"Suudi Bombard\u0131manlar\u0131ndan Faydalanan Tek Taraf Kaide \u00d6rg\u00fct\u00fcd\u00fcr"},"content":{"rendered":"<p>MOSKOVA \u2013 Rusya D\u0131\u015fi\u015fleri Bakan\u0131 Sergey Lavrov Rusya&#8217;n\u0131n, Suriye&#8217;deki krizin siyasi \u00e7\u00f6z\u00fcm\u00fc y\u00f6n\u00fcndeki \u00e7abalar\u0131n\u0131 s\u00fcrd\u00fcrd\u00fc\u011f\u00fcn\u00fc belirtti.<\/p>\n<p>Azerbaycan D\u0131\u015fi\u015fleri Bakan\u0131 Elmar Muhammedov ile bug\u00fcn Moskova&#8217;daki temaslar\u0131 ard\u0131ndan d\u00fczenledi\u011fi ortak bas\u0131n toplant\u0131s\u0131nda Lavrov; Rusya&#8217;n\u0131n Suriye&#8217;deki krize siyasi \u00e7\u00f6z\u00fcm \u00e7abalar\u0131nda, Suriyeliler aras\u0131nda Moskova&#8217;da yap\u0131lan isti\u015fare oturumlar\u0131 ve \u00fcst\u00fcne anla\u015f\u0131lan sonu\u00e7lardan hareket etti\u011fini s\u00f6yledi.<\/p>\n<p>Suudi Arabistan\u2019\u0131n Yemen\u2019e bulundu\u011fu bombard\u0131manlar konusunda ise Lavrov; bu bombard\u0131manlardan faydalanan tek taraf\u0131n Kaide ter\u00f6r \u00f6rg\u00fct\u00fc oldu\u011funa dikkat \u00e7ekti.<\/p>\n<p>A.A.<\/p>\n","protected":false},"excerpt":{"rendered":"<p>MOSKOVA \u2013 Rusya D\u0131\u015fi\u015fleri Bakan\u0131 Sergey Lavrov Rusya&#8217;n\u0131n, Suriye&#8217;deki krizin siyasi \u00e7\u00f6z\u00fcm\u00fc y\u00f6n\u00fcndeki \u00e7abalar\u0131n\u0131 s\u00fcrd\u00fcrd\u00fc\u011f\u00fcn\u00fc belirtti. Azerbaycan D\u0131\u015fi\u015fleri Bakan\u0131 Elmar Muhammedov ile bug\u00fcn Moskova&#8217;daki temaslar\u0131 ard\u0131ndan d\u00fczenledi\u011fi ortak bas\u0131n toplant\u0131s\u0131nda Lavrov; Rusya&#8217;n\u0131n Suriye&#8217;deki krize siyasi \u00e7\u00f6z\u00fcm \u00e7abalar\u0131nda, Suriyeliler aras\u0131nda Moskova&#8217;da yap\u0131lan isti\u015fare oturumlar\u0131 ve \u00fcst\u00fcne anla\u015f\u0131lan sonu\u00e7lardan hareket etti\u011fini s\u00f6yledi. Suudi Arabistan\u2019\u0131n Yemen\u2019e bulundu\u011fu bombard\u0131manlar &hellip;<\/p>\n","protected":false},"author":1,"featured_media":34516,"comment_status":"closed","ping_status":"closed","sticky":false,"template":"","format":"standard","meta":{"footnotes":""},"categories":[458,459,447],"tags":[14782,14783],"class_list":["post-34515","post","type-post","status-publish","format-standard","has-post-thumbnail","","category-dunya1","category-haberler-arap-uluslararasi-politika","category-politika","tag-moskova-rusya-disisleri-bakani-sergey-lavrov-rusyanin","tag-suriyedeki-krizin-siyasi-cozumu-yonundeki-cabalarini-surdurdugunu-belirtti"],"_links":{"self":[{"href":"https:\/\/archive.sana.sy\/tr\/index.php?rest_route=\/wp\/v2\/posts\/34515","targetHints":{"allow":["GET"]}}],"collection":[{"href":"https:\/\/archive.sana.sy\/tr\/index.php?rest_route=\/wp\/v2\/posts"}],"about":[{"href":"https:\/\/archive.sana.sy\/tr\/index.php?rest_route=\/wp\/v2\/types\/post"}],"author":[{"embeddable":true,"href":"https:\/\/archive.sana.sy\/tr\/index.php?rest_route=\/wp\/v2\/users\/1"}],"replies":[{"embeddable":true,"href":"https:\/\/archive.sana.sy\/tr\/index.php?rest_route=%2Fwp%2Fv2%2Fcomments&post=34515"}],"version-history":[{"count":0,"href":"https:\/\/archive.sana.sy\/tr\/index.php?rest_route=\/wp\/v2\/posts\/34515\/revisions"}],"wp:featuredmedia":[{"embeddable":true,"href":"https:\/\/archive.sana.sy\/tr\/index.php?rest_route=\/wp\/v2\/media\/34516"}],"wp:attachment":[{"href":"https:\/\/archive.sana.sy\/tr\/index.php?rest_route=%2Fwp%2Fv2%2Fmedia&parent=34515"}],"wp:term":[{"taxonomy":"category","embeddable":true,"href":"https:\/\/archive.sana.sy\/tr\/index.php?rest_route=%2Fwp%2Fv2%2Fcategories&post=34515"},{"taxonomy":"post_tag","embeddable":true,"href":"https:\/\/archive.sana.sy\/tr\/index.php?rest_route=%2Fwp%2Fv2%2Ftags&post=34515"}],"curies":[{"name":"wp","href":"https:\/\/api.w.org\/{rel}","templated":true}]}}