{"id":34518,"date":"2015-05-25T14:53:48","date_gmt":"2015-05-25T11:53:48","guid":{"rendered":"http:\/\/www.sana.sy\/tr\/?p=34518"},"modified":"2015-05-25T14:55:41","modified_gmt":"2015-05-25T11:55:41","slug":"yolsuzlukta-bulunanlari-desifre-etmek-yargi-ve-kamuoyu-onune-sermek-mutlak-bir-gerekliliktir","status":"publish","type":"post","link":"https:\/\/archive.sana.sy\/tr\/?p=34518","title":{"rendered":"Yolsuzlukta Bulunanlar\u0131 De\u015fifre Etmek, Yarg\u0131 ve Kamuoyu \u00d6n\u00fcne Sermek Mutlak Bir Gerekliliktir"},"content":{"rendered":"<p>\u015eAM \u2013 Enformasyon Bakanl\u0131\u011f\u0131 ve UNESCO\u2019nun Suriye Ulusal Komitesinin d\u00fczenledi\u011fi ara\u015ft\u0131rmac\u0131 gazetecilik \u00e7al\u0131\u015ftay\u0131 bug\u00fcn \u015eam\u2019daki Arap Radyo Televizyon E\u011fitimi Merkezinde \u00e7al\u0131\u015fmalar\u0131na ba\u015flad\u0131.<\/p>\n<p>3 g\u00fcn s\u00fcreyle d\u00fczenlenen \u00e7al\u0131\u015ftay\u0131n ara\u015ft\u0131rmac\u0131 gazetecilik k\u00fclt\u00fcr\u00fcn\u00fc peki\u015ftirmekle birlikte muhtelif t\u00fcr sosyal meselelerde d\u00f6rd\u00fcnc\u00fc otorite olarak bilinen medyan\u0131n misyonunu etkinle\u015ftirmeyi ama\u00e7lad\u0131\u011f\u0131 bildirildi. Ayn\u0131 zamanda bilgiye ula\u015fma hakk\u0131n\u0131n garantiye al\u0131nmas\u0131 ve hedef meselenin cevherine ula\u015f\u0131lmas\u0131 i\u00e7in bas\u0131n ara\u015ft\u0131rmas\u0131na gerekli s\u00fcrenin tan\u0131nmas\u0131 \u00f6nemine dikkat \u00e7ekme amac\u0131 ta\u015f\u0131d\u0131\u011f\u0131 kaydedildi.<\/p>\n<p>Muhtelif medya kurumlar\u0131ndan gazetecilerin kat\u0131ld\u0131\u011f\u0131 \u00e7al\u0131\u015ftayda geleneksel gazetecilik ile ara\u015ft\u0131rmac\u0131 gazetecilik aras\u0131ndaki farklar\u0131n\u0131 tart\u0131\u015f\u0131rken, ara\u015ft\u0131rmac\u0131 gazetecili\u011fin fakt\u00f6rleri, ahlak\u0131, y\u00f6ntemleri, ara\u00e7lar\u0131 ve alanlar\u0131n\u0131 masaya yat\u0131r\u0131yor.<\/p>\n<p>\u00c7al\u0131\u015ftay a\u00e7\u0131l\u0131\u015f\u0131nda konu\u015fa<a href=\"http:\/\/www.sana.sy\/tr\/wp-content\/uploads\/2015\/05\/ROR_7677.jpg\"><img loading=\"lazy\" decoding=\"async\" class=\"alignright wp-image-34520 size-medium\" src=\"http:\/\/www.sana.sy\/tr\/wp-content\/uploads\/2015\/05\/ROR_7677-300x174.jpg\" alt=\"ROR_7677\" width=\"300\" height=\"174\" srcset=\"https:\/\/archive.sana.sy\/tr\/wp-content\/uploads\/2015\/05\/ROR_7677-300x174.jpg 300w, https:\/\/archive.sana.sy\/tr\/wp-content\/uploads\/2015\/05\/ROR_7677-150x87.jpg 150w, https:\/\/archive.sana.sy\/tr\/wp-content\/uploads\/2015\/05\/ROR_7677-1024x594.jpg 1024w\" sizes=\"auto, (max-width: 300px) 100vw, 300px\" \/><\/a>n Enformasyon Bakan\u0131 Omran el Zoubi; Suriye&#8217;nin maruz kald\u0131\u011f\u0131 istisnai ko\u015fullar\u0131n, ara\u015ft\u0131rmac\u0131 gazetecili\u011fin geli\u015ftirilmesi gere\u011fini her zamandan daha \u00e7ok gerekli k\u0131ld\u0131\u011f\u0131na dikkat \u00e7ekti. Zoubi gazetecilerin ve medya kurumlar\u0131n\u0131n Suriye kamuoyunun hayallerini suya d\u00fc\u015f\u00fcrmemesi gerekti\u011fini, medya \u00e7al\u0131\u015fmalar\u0131n\u0131 da Suriyelilerin idealleri d\u00fczeyine kalk\u0131nd\u0131rma \u00f6nemini belirtti.<\/p>\n<p>Gazetecilerin yolsuzluk davalar\u0131ndaki \u00e7al\u0131\u015fmalar\u0131nda kar\u015f\u0131la\u015ft\u0131klar\u0131 zorluklara i\u015faret eden Zoubi; mevzu konusu kim olursa olsun bu gibi \u00e7al\u0131\u015fmalarda Enformasyon Bakanl\u0131\u011f\u0131n\u0131n gazetecinin yan\u0131nda oldu\u011funu ve onu destekleyece\u011finin alt\u0131n\u0131 \u00e7izdi.<\/p>\n<p>Bakan Zoubi Suriye ve halk\u0131n\u0131n maruz kald\u0131\u011f\u0131 bu zor ko\u015fullarda yolsuzlukla m\u00fccadele, kriz t\u00fcccarlar\u0131n\u0131 ve vatan hainlerini de\u015fifre edip yarg\u0131 ve kamuoyu \u00f6n\u00fcne \u00e7\u0131karman\u0131n mutlak bir gereklilik oldu\u011funa dikkat \u00e7ekti.<\/p>\n<p>A.A.<\/p>\n","protected":false},"excerpt":{"rendered":"<p>\u015eAM \u2013 Enformasyon Bakanl\u0131\u011f\u0131 ve UNESCO\u2019nun Suriye Ulusal Komitesinin d\u00fczenledi\u011fi ara\u015ft\u0131rmac\u0131 gazetecilik \u00e7al\u0131\u015ftay\u0131 bug\u00fcn \u015eam\u2019daki Arap Radyo Televizyon E\u011fitimi Merkezinde \u00e7al\u0131\u015fmalar\u0131na ba\u015flad\u0131. 3 g\u00fcn s\u00fcreyle d\u00fczenlenen \u00e7al\u0131\u015ftay\u0131n ara\u015ft\u0131rmac\u0131 gazetecilik k\u00fclt\u00fcr\u00fcn\u00fc peki\u015ftirmekle birlikte muhtelif t\u00fcr sosyal meselelerde d\u00f6rd\u00fcnc\u00fc otorite olarak bilinen medyan\u0131n misyonunu etkinle\u015ftirmeyi ama\u00e7lad\u0131\u011f\u0131 bildirildi. Ayn\u0131 zamanda bilgiye ula\u015fma hakk\u0131n\u0131n garantiye al\u0131nmas\u0131 ve hedef meselenin &hellip;<\/p>\n","protected":false},"author":1,"featured_media":34519,"comment_status":"closed","ping_status":"closed","sticky":false,"template":"","format":"standard","meta":{"footnotes":""},"categories":[479,478],"tags":[14784],"class_list":["post-34518","post","type-post","status-publish","format-standard","has-post-thumbnail","","category-haberler-yerel","category-yerel","tag-sam-enformasyon-bakanligi-ve-unesconun-suriye-ulusal-komitesinin-duzenledigi-arastirmaci-gazetecilik-calistayi-bugun-samdaki-arap-radyo-televizyon-egitimi-merkezinde-calism"],"_links":{"self":[{"href":"https:\/\/archive.sana.sy\/tr\/index.php?rest_route=\/wp\/v2\/posts\/34518","targetHints":{"allow":["GET"]}}],"collection":[{"href":"https:\/\/archive.sana.sy\/tr\/index.php?rest_route=\/wp\/v2\/posts"}],"about":[{"href":"https:\/\/archive.sana.sy\/tr\/index.php?rest_route=\/wp\/v2\/types\/post"}],"author":[{"embeddable":true,"href":"https:\/\/archive.sana.sy\/tr\/index.php?rest_route=\/wp\/v2\/users\/1"}],"replies":[{"embeddable":true,"href":"https:\/\/archive.sana.sy\/tr\/index.php?rest_route=%2Fwp%2Fv2%2Fcomments&post=34518"}],"version-history":[{"count":0,"href":"https:\/\/archive.sana.sy\/tr\/index.php?rest_route=\/wp\/v2\/posts\/34518\/revisions"}],"wp:featuredmedia":[{"embeddable":true,"href":"https:\/\/archive.sana.sy\/tr\/index.php?rest_route=\/wp\/v2\/media\/34519"}],"wp:attachment":[{"href":"https:\/\/archive.sana.sy\/tr\/index.php?rest_route=%2Fwp%2Fv2%2Fmedia&parent=34518"}],"wp:term":[{"taxonomy":"category","embeddable":true,"href":"https:\/\/archive.sana.sy\/tr\/index.php?rest_route=%2Fwp%2Fv2%2Fcategories&post=34518"},{"taxonomy":"post_tag","embeddable":true,"href":"https:\/\/archive.sana.sy\/tr\/index.php?rest_route=%2Fwp%2Fv2%2Ftags&post=34518"}],"curies":[{"name":"wp","href":"https:\/\/api.w.org\/{rel}","templated":true}]}}