{"id":34593,"date":"2015-05-26T13:18:38","date_gmt":"2015-05-26T10:18:38","guid":{"rendered":"http:\/\/sana.sy\/tr\/?p=34593"},"modified":"2015-05-26T13:22:25","modified_gmt":"2015-05-26T10:22:25","slug":"isgalci-gucler-suriyede-yaralanan-2-teroristi-yine-hastanelerine-kaldirdi","status":"publish","type":"post","link":"https:\/\/archive.sana.sy\/tr\/?p=34593","title":{"rendered":"\u0130\u015fgalci G\u00fc\u00e7ler Suriye\u2019de Yaralanan 2 Ter\u00f6risti Yine Hastanelerine Kald\u0131rd\u0131"},"content":{"rendered":"<p>KUD\u00dcS \u2013 \u0130srail i\u015fgal g\u00fc\u00e7leri d\u00fcn gece Suriye\u2019de yaralan 2 ter\u00f6risti i\u015fgal edilen Golan\u2019daki Tabarayya\u2019da bir hastanelerine kald\u0131rd\u0131.<\/p>\n<p>\u0130srailli VALA elektronik sitesi, yaral\u0131lar\u0131n Burya Hastanesine d\u00fcn gece vard\u0131klar\u0131n\u0131 birinin 27 ya\u015f\u0131nda \u015farapnel par\u00e7alar\u0131yla k\u0131r\u0131klar, di\u011ferinin ise 26 ya\u015f\u0131nda omurga ve ayaklar\u0131ndan mermilerle yaral\u0131 olduklar\u0131n\u0131 a\u00e7\u0131klad\u0131.<\/p>\n<p>\u0130srailli site Burya Hastanesinin \u015fu ana kadar Suriye\u2019den getirilen 176 yaral\u0131y\u0131 tedavi etti\u011fine i\u015faret etti.<\/p>\n<p>S.\u015e<\/p>\n","protected":false},"excerpt":{"rendered":"<p>KUD\u00dcS \u2013 \u0130srail i\u015fgal g\u00fc\u00e7leri d\u00fcn gece Suriye\u2019de yaralan 2 ter\u00f6risti i\u015fgal edilen Golan\u2019daki Tabarayya\u2019da bir hastanelerine kald\u0131rd\u0131. \u0130srailli VALA elektronik sitesi, yaral\u0131lar\u0131n Burya Hastanesine d\u00fcn gece vard\u0131klar\u0131n\u0131 birinin 27 ya\u015f\u0131nda \u015farapnel par\u00e7alar\u0131yla k\u0131r\u0131klar, di\u011ferinin ise 26 ya\u015f\u0131nda omurga ve ayaklar\u0131ndan mermilerle yaral\u0131 olduklar\u0131n\u0131 a\u00e7\u0131klad\u0131. \u0130srailli site Burya Hastanesinin \u015fu ana kadar Suriye\u2019den getirilen 176 &hellip;<\/p>\n","protected":false},"author":1,"featured_media":26718,"comment_status":"closed","ping_status":"closed","sticky":false,"template":"","format":"standard","meta":{"footnotes":""},"categories":[458,459,447,2554],"tags":[14795],"class_list":["post-34593","post","type-post","status-publish","format-standard","has-post-thumbnail","","category-dunya1","category-haberler-arap-uluslararasi-politika","category-politika","category-suriye-ve-dunya","tag-isgalci-gucler-suriyede-yaralanan-2-teroristi-yine-hastanelerine-kaldirdi"],"_links":{"self":[{"href":"https:\/\/archive.sana.sy\/tr\/index.php?rest_route=\/wp\/v2\/posts\/34593","targetHints":{"allow":["GET"]}}],"collection":[{"href":"https:\/\/archive.sana.sy\/tr\/index.php?rest_route=\/wp\/v2\/posts"}],"about":[{"href":"https:\/\/archive.sana.sy\/tr\/index.php?rest_route=\/wp\/v2\/types\/post"}],"author":[{"embeddable":true,"href":"https:\/\/archive.sana.sy\/tr\/index.php?rest_route=\/wp\/v2\/users\/1"}],"replies":[{"embeddable":true,"href":"https:\/\/archive.sana.sy\/tr\/index.php?rest_route=%2Fwp%2Fv2%2Fcomments&post=34593"}],"version-history":[{"count":0,"href":"https:\/\/archive.sana.sy\/tr\/index.php?rest_route=\/wp\/v2\/posts\/34593\/revisions"}],"wp:featuredmedia":[{"embeddable":true,"href":"https:\/\/archive.sana.sy\/tr\/index.php?rest_route=\/wp\/v2\/media\/26718"}],"wp:attachment":[{"href":"https:\/\/archive.sana.sy\/tr\/index.php?rest_route=%2Fwp%2Fv2%2Fmedia&parent=34593"}],"wp:term":[{"taxonomy":"category","embeddable":true,"href":"https:\/\/archive.sana.sy\/tr\/index.php?rest_route=%2Fwp%2Fv2%2Fcategories&post=34593"},{"taxonomy":"post_tag","embeddable":true,"href":"https:\/\/archive.sana.sy\/tr\/index.php?rest_route=%2Fwp%2Fv2%2Ftags&post=34593"}],"curies":[{"name":"wp","href":"https:\/\/api.w.org\/{rel}","templated":true}]}}