{"id":3461,"date":"2014-06-19T15:07:44","date_gmt":"2014-06-19T12:07:44","guid":{"rendered":"http:\/\/sanasyria.org\/tr\/?p=3461"},"modified":"2014-06-19T17:01:24","modified_gmt":"2014-06-19T14:01:24","slug":"sivil-alanlara-gaddar-saldirilarda-9-yarali","status":"publish","type":"post","link":"https:\/\/archive.sana.sy\/tr\/?p=3461","title":{"rendered":"Sivil Alanlara Gaddar Sald\u0131r\u0131lar Devam Ediyor"},"content":{"rendered":"<p>\u0130LLER \u2013 \u015eam Emniyet M\u00fcd\u00fcrl\u00fc\u011f\u00fcnde bir kaynak gaddar ve hain ter\u00f6ristlerin bug\u00fcn \u015eam\u2019\u0131n sivil yerle\u015fim alanlar\u0131ndan I\u015f\u015f el V\u0131rvar ve Tedamun semtlerini havan mermileriyle hedef ald\u0131klar\u0131n\u0131 aktard\u0131.<\/p>\n<p>Kaynak gaddar sald\u0131r\u0131larda aralar\u0131nda kad\u0131n ve \u00e7ocuklar\u0131n bulundu\u011fu 9 vatanda\u015f\u0131n yaraland\u0131\u011f\u0131n\u0131 belirtirken vatanda\u015flara ait ara\u00e7, i\u015fyerleri ve evlerin hasar g\u00f6rd\u00fc\u011f\u00fcn\u00fc ifade etti.<\/p>\n<p>Homs Kentinin Zehra Semtinde ise ter\u00f6ristlerin f\u0131rlatt\u0131klar\u0131 2 havan mermisi neticesinde 2 vatanda\u015f \u015fehit d\u00fc\u015ft\u00fc, 7 vatanda\u015f da yaraland\u0131.<\/p>\n<p>&nbsp;<\/p>\n","protected":false},"excerpt":{"rendered":"<p>\u0130LLER \u2013 \u015eam Emniyet M\u00fcd\u00fcrl\u00fc\u011f\u00fcnde bir kaynak gaddar ve hain ter\u00f6ristlerin bug\u00fcn \u015eam\u2019\u0131n sivil yerle\u015fim alanlar\u0131ndan I\u015f\u015f el V\u0131rvar ve Tedamun semtlerini havan mermileriyle hedef ald\u0131klar\u0131n\u0131 aktard\u0131. Kaynak gaddar sald\u0131r\u0131larda aralar\u0131nda kad\u0131n ve \u00e7ocuklar\u0131n bulundu\u011fu 9 vatanda\u015f\u0131n yaraland\u0131\u011f\u0131n\u0131 belirtirken vatanda\u015flara ait ara\u00e7, i\u015fyerleri ve evlerin hasar g\u00f6rd\u00fc\u011f\u00fcn\u00fc ifade etti. Homs Kentinin Zehra Semtinde ise ter\u00f6ristlerin &hellip;<\/p>\n","protected":false},"author":1,"featured_media":3462,"comment_status":"closed","ping_status":"closed","sticky":false,"template":"","format":"standard","meta":{"footnotes":""},"categories":[479,575,478],"tags":[759,753],"class_list":["post-3461","post","type-post","status-publish","format-standard","has-post-thumbnail","","category-haberler-yerel","category-olaylar-ve-gercekler","category-yerel","tag-sivil-alanlara-gaddar-saldirilar-devam-ediyor","tag-sivil-alanlara-gaddar-saldirilarda-9-yarali"],"_links":{"self":[{"href":"https:\/\/archive.sana.sy\/tr\/index.php?rest_route=\/wp\/v2\/posts\/3461","targetHints":{"allow":["GET"]}}],"collection":[{"href":"https:\/\/archive.sana.sy\/tr\/index.php?rest_route=\/wp\/v2\/posts"}],"about":[{"href":"https:\/\/archive.sana.sy\/tr\/index.php?rest_route=\/wp\/v2\/types\/post"}],"author":[{"embeddable":true,"href":"https:\/\/archive.sana.sy\/tr\/index.php?rest_route=\/wp\/v2\/users\/1"}],"replies":[{"embeddable":true,"href":"https:\/\/archive.sana.sy\/tr\/index.php?rest_route=%2Fwp%2Fv2%2Fcomments&post=3461"}],"version-history":[{"count":0,"href":"https:\/\/archive.sana.sy\/tr\/index.php?rest_route=\/wp\/v2\/posts\/3461\/revisions"}],"wp:featuredmedia":[{"embeddable":true,"href":"https:\/\/archive.sana.sy\/tr\/index.php?rest_route=\/wp\/v2\/media\/3462"}],"wp:attachment":[{"href":"https:\/\/archive.sana.sy\/tr\/index.php?rest_route=%2Fwp%2Fv2%2Fmedia&parent=3461"}],"wp:term":[{"taxonomy":"category","embeddable":true,"href":"https:\/\/archive.sana.sy\/tr\/index.php?rest_route=%2Fwp%2Fv2%2Fcategories&post=3461"},{"taxonomy":"post_tag","embeddable":true,"href":"https:\/\/archive.sana.sy\/tr\/index.php?rest_route=%2Fwp%2Fv2%2Ftags&post=3461"}],"curies":[{"name":"wp","href":"https:\/\/api.w.org\/{rel}","templated":true}]}}