{"id":34610,"date":"2015-05-26T14:36:45","date_gmt":"2015-05-26T11:36:45","guid":{"rendered":"http:\/\/www.sana.sy\/tr\/?p=34610"},"modified":"2015-05-27T13:46:30","modified_gmt":"2015-05-27T10:46:30","slug":"erdogan-ceteleri-yine-cocuk-ve-kadinlari-hedef-aldi","status":"publish","type":"post","link":"https:\/\/archive.sana.sy\/tr\/?p=34610","title":{"rendered":"Erdo\u011fan \u00c7eteleri Yine \u00c7ocuk ve Kad\u0131nlar\u0131 Hedef Ald\u0131"},"content":{"rendered":"<p>HALEP \u2013 T\u00fcrkiye&#8217;de katil Erdo\u011fan rejiminin deste\u011fi ve y\u00f6nlendirmeleriyle faaliyet g\u00f6steren tekfirci ve hain \u00e7eteler bug\u00fcn Halep Kentinde sivil yerle\u015fim alanlar\u0131n\u0131 yine f\u00fcze ve roketlerle hedef ald\u0131.<\/p>\n<p>Halep \u0130l Emniyet M\u00fcd\u00fcrl\u00fc\u011f\u00fcnde bir kaynak; eski Halep semtlerinde siper alan tekfirci ve hain ter\u00f6ristlerin Men\u015fiye ve Abbara semtlerine ilaveten ve genel park\u0131 bir dizi f\u00fczeyle hedef ald\u0131klar\u0131n\u0131 aktard\u0131. Kaynak hain sald\u0131r\u0131lar sonucunda 3 vatanda\u015f\u0131n \u015fehit, 19 vatanda\u015f\u0131n da yaral\u0131 d\u00fc\u015ft\u00fcklerini, \u00f6zel ve kamu m\u00fclklerin de b\u00fcy\u00fck hasara u\u011frad\u0131\u011f\u0131n\u0131 s\u00f6yledi.<\/p>\n<p>Razi Hastanesinde t\u0131bbi bir kaynak ise hastaneye kald\u0131r\u0131lan 19 yaral\u0131n\u0131n genelinin kad\u0131n ve \u00e7ocuklardan ibaret oldu\u011funa dikkat \u00e7ekti.<\/p>\n<p>A.A.<\/p>\n","protected":false},"excerpt":{"rendered":"<p>HALEP \u2013 T\u00fcrkiye&#8217;de katil Erdo\u011fan rejiminin deste\u011fi ve y\u00f6nlendirmeleriyle faaliyet g\u00f6steren tekfirci ve hain \u00e7eteler bug\u00fcn Halep Kentinde sivil yerle\u015fim alanlar\u0131n\u0131 yine f\u00fcze ve roketlerle hedef ald\u0131. Halep \u0130l Emniyet M\u00fcd\u00fcrl\u00fc\u011f\u00fcnde bir kaynak; eski Halep semtlerinde siper alan tekfirci ve hain ter\u00f6ristlerin Men\u015fiye ve Abbara semtlerine ilaveten ve genel park\u0131 bir dizi f\u00fczeyle hedef ald\u0131klar\u0131n\u0131 &hellip;<\/p>\n","protected":false},"author":1,"featured_media":34611,"comment_status":"closed","ping_status":"closed","sticky":false,"template":"","format":"standard","meta":{"footnotes":""},"categories":[575,2554,2555],"tags":[14797],"class_list":["post-34610","post","type-post","status-publish","format-standard","has-post-thumbnail","","category-olaylar-ve-gercekler","category-suriye-ve-dunya","category-suriye-ve-turkiye","tag-erdogan-ceteleri-yine-cocuk-ve-kadinlari-hedef-aldi"],"_links":{"self":[{"href":"https:\/\/archive.sana.sy\/tr\/index.php?rest_route=\/wp\/v2\/posts\/34610","targetHints":{"allow":["GET"]}}],"collection":[{"href":"https:\/\/archive.sana.sy\/tr\/index.php?rest_route=\/wp\/v2\/posts"}],"about":[{"href":"https:\/\/archive.sana.sy\/tr\/index.php?rest_route=\/wp\/v2\/types\/post"}],"author":[{"embeddable":true,"href":"https:\/\/archive.sana.sy\/tr\/index.php?rest_route=\/wp\/v2\/users\/1"}],"replies":[{"embeddable":true,"href":"https:\/\/archive.sana.sy\/tr\/index.php?rest_route=%2Fwp%2Fv2%2Fcomments&post=34610"}],"version-history":[{"count":0,"href":"https:\/\/archive.sana.sy\/tr\/index.php?rest_route=\/wp\/v2\/posts\/34610\/revisions"}],"wp:featuredmedia":[{"embeddable":true,"href":"https:\/\/archive.sana.sy\/tr\/index.php?rest_route=\/wp\/v2\/media\/34611"}],"wp:attachment":[{"href":"https:\/\/archive.sana.sy\/tr\/index.php?rest_route=%2Fwp%2Fv2%2Fmedia&parent=34610"}],"wp:term":[{"taxonomy":"category","embeddable":true,"href":"https:\/\/archive.sana.sy\/tr\/index.php?rest_route=%2Fwp%2Fv2%2Fcategories&post=34610"},{"taxonomy":"post_tag","embeddable":true,"href":"https:\/\/archive.sana.sy\/tr\/index.php?rest_route=%2Fwp%2Fv2%2Ftags&post=34610"}],"curies":[{"name":"wp","href":"https:\/\/api.w.org\/{rel}","templated":true}]}}