{"id":34628,"date":"2015-05-26T15:52:36","date_gmt":"2015-05-26T12:52:36","guid":{"rendered":"http:\/\/www.sana.sy\/tr\/?p=34628"},"modified":"2015-05-27T15:16:09","modified_gmt":"2015-05-27T12:16:09","slug":"kabine-haftalik-olagan-oturumunda-durumlari-inceledi","status":"publish","type":"post","link":"https:\/\/archive.sana.sy\/tr\/?p=34628","title":{"rendered":"Kabine Haftal\u0131k Ola\u011fan Oturumunda Durumlar\u0131 \u0130nceledi"},"content":{"rendered":"<p>\u015eAM \u2013 Ba\u015fbakan Vail el Halaki ba\u015fkanl\u0131\u011f\u0131nda bug\u00fcn haftal\u0131k toplant\u0131s\u0131n\u0131 d\u00fczenleyen kabine; yurt genelinde bir dizi hizmet davalar\u0131n\u0131 masas\u0131na yat\u0131rd\u0131.<\/p>\n<p><img loading=\"lazy\" decoding=\"async\" class=\"alignright wp-image-34630 size-medium\" src=\"http:\/\/www.sana.sy\/tr\/wp-content\/uploads\/2015\/05\/Kabine-Haftal\u0131k-Ola\u011fan-Oturumunda-Durumlar\u0131-\u0130nceledi-2-300x202.jpg\" alt=\"Kabine Haftal\u0131k Ola\u011fan Oturumunda Durumlar\u0131 \u0130nceledi 2\" width=\"300\" height=\"202\" srcset=\"https:\/\/archive.sana.sy\/tr\/wp-content\/uploads\/2015\/05\/Kabine-Haftal\u0131k-Ola\u011fan-Oturumunda-Durumlar\u0131-\u0130nceledi-2-300x202.jpg 300w, https:\/\/archive.sana.sy\/tr\/wp-content\/uploads\/2015\/05\/Kabine-Haftal\u0131k-Ola\u011fan-Oturumunda-Durumlar\u0131-\u0130nceledi-2-150x101.jpg 150w, https:\/\/archive.sana.sy\/tr\/wp-content\/uploads\/2015\/05\/Kabine-Haftal\u0131k-Ola\u011fan-Oturumunda-Durumlar\u0131-\u0130nceledi-2.jpg 960w\" sizes=\"auto, (max-width: 300px) 100vw, 300px\" \/>Tartus\u2019ta 50 bin dairenin in\u015fa edilmesinden ibaret gen\u00e7lik konutlar\u0131 projesini tart\u0131\u015fan kabine, Halep\u2019teki hizmet durumlar\u0131na ilaveten kamu hizmet, sanayi ve ekonomi kurumlar\u0131n\u0131n performanslar\u0131n\u0131 inceledi.<\/p>\n<p>Kabine tart\u0131\u015fma sonucunda yurtd\u0131\u015f\u0131nda \u00e7al\u0131\u015fan Suriyelilere sosyal sigorta kamu \u015firketine tabi olma karar\u0131n\u0131 onaylarken, i\u015f isabetlerini faydalanma hakk\u0131ndan istisna tuttu.<\/p>\n<p>Oturumda ayr\u0131ca Suriye h\u00fck\u00fcmeti ile Rusya aras\u0131nda 27 Nisan 2015 tarihinde imzalanan i\u015fbirli\u011fi anla\u015fmas\u0131n\u0131 onaylama kanun tasla\u011f\u0131n\u0131 tart\u0131\u015ft\u0131.<\/p>\n<p>Oturumda Ba\u015fbakan Halaki Halep ahalisinin i\u00e7me suyu ve elektik enerjisi ihtiya\u00e7lar\u0131n\u0131n temin edilmesi i\u00e7in ilgili kurumlara derhal icraatlara ba\u015flama talimatlar\u0131 verdi.<\/p>\n<p><a href=\"http:\/\/www.sana.sy\/tr\/wp-content\/uploads\/2015\/05\/Kabine-Haftal\u0131k-Ola\u011fan-Oturumunda-Durumlar\u0131-\u0130nceledi-3.jpg\"><img loading=\"lazy\" decoding=\"async\" class=\"alignright wp-image-34631 size-medium\" src=\"http:\/\/www.sana.sy\/tr\/wp-content\/uploads\/2015\/05\/Kabine-Haftal\u0131k-Ola\u011fan-Oturumunda-Durumlar\u0131-\u0130nceledi-3-300x170.jpg\" alt=\"Kabine Haftal\u0131k Ola\u011fan Oturumunda Durumlar\u0131 \u0130nceledi 3\" width=\"300\" height=\"170\" srcset=\"https:\/\/archive.sana.sy\/tr\/wp-content\/uploads\/2015\/05\/Kabine-Haftal\u0131k-Ola\u011fan-Oturumunda-Durumlar\u0131-\u0130nceledi-3-300x170.jpg 300w, https:\/\/archive.sana.sy\/tr\/wp-content\/uploads\/2015\/05\/Kabine-Haftal\u0131k-Ola\u011fan-Oturumunda-Durumlar\u0131-\u0130nceledi-3-150x85.jpg 150w, https:\/\/archive.sana.sy\/tr\/wp-content\/uploads\/2015\/05\/Kabine-Haftal\u0131k-Ola\u011fan-Oturumunda-Durumlar\u0131-\u0130nceledi-3.jpg 960w\" sizes=\"auto, (max-width: 300px) 100vw, 300px\" \/><\/a>Suriye&#8217;ye y\u00f6nelik evrensel sava\u015f\u0131n sadece askeri olmad\u0131\u011f\u0131na dikkat \u00e7eken Halaki; ayn\u0131 zamanda ekonomi, medya ve daha ba\u015fka t\u00fcm y\u00f6nleri de kapsad\u0131\u011f\u0131n\u0131 belirtti. Halaki dolay\u0131s\u0131yla Suriye&#8217;nin devlet ve halk olarak m\u00fccadele g\u00fcc\u00fcn\u00fc peki\u015ftirtme amac\u0131yla mevcut olanaklar\u0131n en iyi \u015fekilde kullan\u0131lmas\u0131 ve ulusal enerjinin g\u00fc\u00e7lendirilmesi \u00f6neminin alt\u0131n\u0131 \u00e7izdi. Ba\u015fbakan Halaki bu ba\u011flamda t\u00fcm ekonomi, sanayi ve hizmetsel kurumlar\u0131n tam kapasite \u00fcretim ve hizmette bulunmalar\u0131 gerekti\u011fini ifade etti.<\/p>\n<p>Suriye&#8217;yi devlet ve halk olarak hedef alan medya sava\u015f\u0131 konusunda ise Halaki; Suriye halk\u0131n\u0131n bu as\u0131ls\u0131z haberlerin ama\u00e7 ve arkas\u0131nda duranlar\u0131 art\u0131k tan\u0131d\u0131\u011f\u0131n\u0131 ifade ederken, bu yalan ve iftiralara kar\u015f\u0131 m\u00fccadelenin azimle devam edece\u011fini s\u00f6yledi.<\/p>\n<p>A.A.<\/p>\n","protected":false},"excerpt":{"rendered":"<p>\u015eAM \u2013 Ba\u015fbakan Vail el Halaki ba\u015fkanl\u0131\u011f\u0131nda bug\u00fcn haftal\u0131k toplant\u0131s\u0131n\u0131 d\u00fczenleyen kabine; yurt genelinde bir dizi hizmet davalar\u0131n\u0131 masas\u0131na yat\u0131rd\u0131. Tartus\u2019ta 50 bin dairenin in\u015fa edilmesinden ibaret gen\u00e7lik konutlar\u0131 projesini tart\u0131\u015fan kabine, Halep\u2019teki hizmet durumlar\u0131na ilaveten kamu hizmet, sanayi ve ekonomi kurumlar\u0131n\u0131n performanslar\u0131n\u0131 inceledi. Kabine tart\u0131\u015fma sonucunda yurtd\u0131\u015f\u0131nda \u00e7al\u0131\u015fan Suriyelilere sosyal sigorta kamu \u015firketine tabi &hellip;<\/p>\n","protected":false},"author":1,"featured_media":34629,"comment_status":"closed","ping_status":"closed","sticky":false,"template":"","format":"standard","meta":{"footnotes":""},"categories":[479,478],"tags":[14800],"class_list":["post-34628","post","type-post","status-publish","format-standard","has-post-thumbnail","","category-haberler-yerel","category-yerel","tag-sam-basbakan-vail-el-halaki-baskanliginda-bugun-haftalik-toplantisini-duzenleyen-kabine-yurt-genelinde-bir-dizi-hizmet-davalarini-masasina-yatirdi"],"_links":{"self":[{"href":"https:\/\/archive.sana.sy\/tr\/index.php?rest_route=\/wp\/v2\/posts\/34628","targetHints":{"allow":["GET"]}}],"collection":[{"href":"https:\/\/archive.sana.sy\/tr\/index.php?rest_route=\/wp\/v2\/posts"}],"about":[{"href":"https:\/\/archive.sana.sy\/tr\/index.php?rest_route=\/wp\/v2\/types\/post"}],"author":[{"embeddable":true,"href":"https:\/\/archive.sana.sy\/tr\/index.php?rest_route=\/wp\/v2\/users\/1"}],"replies":[{"embeddable":true,"href":"https:\/\/archive.sana.sy\/tr\/index.php?rest_route=%2Fwp%2Fv2%2Fcomments&post=34628"}],"version-history":[{"count":0,"href":"https:\/\/archive.sana.sy\/tr\/index.php?rest_route=\/wp\/v2\/posts\/34628\/revisions"}],"wp:featuredmedia":[{"embeddable":true,"href":"https:\/\/archive.sana.sy\/tr\/index.php?rest_route=\/wp\/v2\/media\/34629"}],"wp:attachment":[{"href":"https:\/\/archive.sana.sy\/tr\/index.php?rest_route=%2Fwp%2Fv2%2Fmedia&parent=34628"}],"wp:term":[{"taxonomy":"category","embeddable":true,"href":"https:\/\/archive.sana.sy\/tr\/index.php?rest_route=%2Fwp%2Fv2%2Fcategories&post=34628"},{"taxonomy":"post_tag","embeddable":true,"href":"https:\/\/archive.sana.sy\/tr\/index.php?rest_route=%2Fwp%2Fv2%2Ftags&post=34628"}],"curies":[{"name":"wp","href":"https:\/\/api.w.org\/{rel}","templated":true}]}}