{"id":34667,"date":"2015-05-26T16:32:42","date_gmt":"2015-05-26T13:32:42","guid":{"rendered":"http:\/\/sana.sy\/tr\/?p=34667"},"modified":"2015-05-27T10:15:44","modified_gmt":"2015-05-27T07:15:44","slug":"disisleri-ve-gurbetciler-bakanligi-lazkiyede-konsolosluk-ofisi-acti","status":"publish","type":"post","link":"https:\/\/archive.sana.sy\/tr\/?p=34667","title":{"rendered":"D\u0131\u015fi\u015fleri ve Gurbet\u00e7iler Bakanl\u0131\u011f\u0131 Lazkiye\u2019de Konsolosluk Ofisi A\u00e7t\u0131"},"content":{"rendered":"<p>\u015eAM \u2013 D\u0131\u015fi\u015fleri ve Gurbet\u00e7iler Bakanl\u0131\u011f\u0131 bug\u00fcn Lazkiye Kentinde 10. Proje\u2019deki E\u011fitim Merkezinde konsolosluk ofisi a\u00e7t\u0131\u011f\u0131n\u0131 ilan etti.<\/p>\n<p>Bakanl\u0131k bug\u00fcn yay\u0131nlad\u0131\u011f\u0131 ve SANA\u2019n\u0131n bir n\u00fcshas\u0131n\u0131 ald\u0131\u011f\u0131 genelgesinde; konsolosluk ofisinin Lazkiye \u0130li ve ilde\u00a0ikamet eden vatanda\u015flar i\u00e7in evrak onay ve konsolosluk hizmetlerinde bulunaca\u011f\u0131n\u0131 a\u00e7\u0131klad\u0131.<\/p>\n<p>Genelgede ofisin 1 haziran Pazartesi g\u00fcn\u00fcnden itibaren kap\u0131lar\u0131n\u0131 hizmete a\u00e7aca\u011f\u0131 ifade edildi.<\/p>\n<p>Bakanl\u0131k dan\u0131\u015fma ama\u00e7l\u0131 olarak 00963 \u2013 41 \u2013 334493 telefon rakam\u0131n\u0131 genelgeye ekledi.<\/p>\n<p>A.A. &#8211; R.H.<\/p>\n","protected":false},"excerpt":{"rendered":"<p>\u015eAM \u2013 D\u0131\u015fi\u015fleri ve Gurbet\u00e7iler Bakanl\u0131\u011f\u0131 bug\u00fcn Lazkiye Kentinde 10. Proje\u2019deki E\u011fitim Merkezinde konsolosluk ofisi a\u00e7t\u0131\u011f\u0131n\u0131 ilan etti. Bakanl\u0131k bug\u00fcn yay\u0131nlad\u0131\u011f\u0131 ve SANA\u2019n\u0131n bir n\u00fcshas\u0131n\u0131 ald\u0131\u011f\u0131 genelgesinde; konsolosluk ofisinin Lazkiye \u0130li ve ilde\u00a0ikamet eden vatanda\u015flar i\u00e7in evrak onay ve konsolosluk hizmetlerinde bulunaca\u011f\u0131n\u0131 a\u00e7\u0131klad\u0131. Genelgede ofisin 1 haziran Pazartesi g\u00fcn\u00fcnden itibaren kap\u0131lar\u0131n\u0131 hizmete a\u00e7aca\u011f\u0131 ifade edildi. &hellip;<\/p>\n","protected":false},"author":1,"featured_media":29621,"comment_status":"closed","ping_status":"closed","sticky":false,"template":"","format":"standard","meta":{"footnotes":""},"categories":[479,478],"tags":[],"class_list":["post-34667","post","type-post","status-publish","format-standard","has-post-thumbnail","","category-haberler-yerel","category-yerel"],"_links":{"self":[{"href":"https:\/\/archive.sana.sy\/tr\/index.php?rest_route=\/wp\/v2\/posts\/34667","targetHints":{"allow":["GET"]}}],"collection":[{"href":"https:\/\/archive.sana.sy\/tr\/index.php?rest_route=\/wp\/v2\/posts"}],"about":[{"href":"https:\/\/archive.sana.sy\/tr\/index.php?rest_route=\/wp\/v2\/types\/post"}],"author":[{"embeddable":true,"href":"https:\/\/archive.sana.sy\/tr\/index.php?rest_route=\/wp\/v2\/users\/1"}],"replies":[{"embeddable":true,"href":"https:\/\/archive.sana.sy\/tr\/index.php?rest_route=%2Fwp%2Fv2%2Fcomments&post=34667"}],"version-history":[{"count":0,"href":"https:\/\/archive.sana.sy\/tr\/index.php?rest_route=\/wp\/v2\/posts\/34667\/revisions"}],"wp:featuredmedia":[{"embeddable":true,"href":"https:\/\/archive.sana.sy\/tr\/index.php?rest_route=\/wp\/v2\/media\/29621"}],"wp:attachment":[{"href":"https:\/\/archive.sana.sy\/tr\/index.php?rest_route=%2Fwp%2Fv2%2Fmedia&parent=34667"}],"wp:term":[{"taxonomy":"category","embeddable":true,"href":"https:\/\/archive.sana.sy\/tr\/index.php?rest_route=%2Fwp%2Fv2%2Fcategories&post=34667"},{"taxonomy":"post_tag","embeddable":true,"href":"https:\/\/archive.sana.sy\/tr\/index.php?rest_route=%2Fwp%2Fv2%2Ftags&post=34667"}],"curies":[{"name":"wp","href":"https:\/\/api.w.org\/{rel}","templated":true}]}}