{"id":34674,"date":"2015-05-26T17:14:28","date_gmt":"2015-05-26T14:14:28","guid":{"rendered":"http:\/\/sana.sy\/tr\/?p=34674"},"modified":"2015-05-26T17:14:28","modified_gmt":"2015-05-26T14:14:28","slug":"suveydada-tehcir-edilen-ve-teror-magdurlarina-insani-yardimlar-dagitildi","status":"publish","type":"post","link":"https:\/\/archive.sana.sy\/tr\/?p=34674","title":{"rendered":"S\u00fcveyda\u2019da Tehcir Edilen ve Ter\u00f6r Ma\u011fdurlar\u0131na \u0130nsani Yard\u0131mlar Da\u011f\u0131t\u0131ld\u0131"},"content":{"rendered":"<p>S\u00dcVEYDA \u2013 \u0130nsani Yard\u0131m Y\u00fcksek Komisyonu S\u00fcveyda il \u015fubesi bug\u00fcn, ter\u00f6ristlerin vah\u015fetlerinden ka\u00e7arak S\u00fcveyda\u2019da ge\u00e7ici ikamet merkezlerinde bulunan ter\u00f6r ma\u011fdurlar\u0131na 6700 paket insani yard\u0131m da\u011f\u0131tt\u0131.<\/p>\n<p>S\u00fcveyda Valisi At\u0131f Neddaf g\u0131da ve muhtelif gereksinimlerden olu\u015fan insani yard\u0131m paketlerinin ter\u00f6ristlerden ka\u00e7arak \u00d6nc\u00fcler Kamp\u0131nda ikamet eden ailelerin yan\u0131 s\u0131ra Dovr, Mecdel, Karrasa, ,Dveyra, Teara, Hazima, Gariye, Ressas, Heyyat, Anz, Merdek, Salah\u0131d, Breyke, Berd, Havt, karye, Ifeyna, Busan, \u015eebeki, Esana, Harsa, Smayd, Re\u015fidi, Mceymar, Samma el Berdan, Anat, Thula ve Kefr k\u00f6ylerinin yan\u0131 s\u0131ra S\u00fcveyda ve \u015eehba kentlerinde ter\u00f6r ma\u011fdurlar\u0131na da\u011f\u0131t\u0131ld\u0131\u011f\u0131n\u0131 ifade etti.<\/p>\n<p>A.A. &#8211; R.H.<\/p>\n","protected":false},"excerpt":{"rendered":"<p>S\u00dcVEYDA \u2013 \u0130nsani Yard\u0131m Y\u00fcksek Komisyonu S\u00fcveyda il \u015fubesi bug\u00fcn, ter\u00f6ristlerin vah\u015fetlerinden ka\u00e7arak S\u00fcveyda\u2019da ge\u00e7ici ikamet merkezlerinde bulunan ter\u00f6r ma\u011fdurlar\u0131na 6700 paket insani yard\u0131m da\u011f\u0131tt\u0131. S\u00fcveyda Valisi At\u0131f Neddaf g\u0131da ve muhtelif gereksinimlerden olu\u015fan insani yard\u0131m paketlerinin ter\u00f6ristlerden ka\u00e7arak \u00d6nc\u00fcler Kamp\u0131nda ikamet eden ailelerin yan\u0131 s\u0131ra Dovr, Mecdel, Karrasa, ,Dveyra, Teara, Hazima, Gariye, Ressas, Heyyat, &hellip;<\/p>\n","protected":false},"author":1,"featured_media":34200,"comment_status":"closed","ping_status":"closed","sticky":false,"template":"","format":"standard","meta":{"footnotes":""},"categories":[479,478],"tags":[14803,14804],"class_list":["post-34674","post","type-post","status-publish","format-standard","has-post-thumbnail","","category-haberler-yerel","category-yerel","tag-suveydada-tehcir-edilen-ve-teror-magdurlarina-insani-yardimlar-dagitildi-suveyda-insani-yardim-yuksek-komisyonu-suveyda-il-subesi-bugun","tag-teroristlerin-vahsetlerinden-kacarak-suveydada-gecici-ikamet-merkezlerinde-bulunan-teror-magdurlarina-6700-paket-insani-yardim-dagitti"],"_links":{"self":[{"href":"https:\/\/archive.sana.sy\/tr\/index.php?rest_route=\/wp\/v2\/posts\/34674","targetHints":{"allow":["GET"]}}],"collection":[{"href":"https:\/\/archive.sana.sy\/tr\/index.php?rest_route=\/wp\/v2\/posts"}],"about":[{"href":"https:\/\/archive.sana.sy\/tr\/index.php?rest_route=\/wp\/v2\/types\/post"}],"author":[{"embeddable":true,"href":"https:\/\/archive.sana.sy\/tr\/index.php?rest_route=\/wp\/v2\/users\/1"}],"replies":[{"embeddable":true,"href":"https:\/\/archive.sana.sy\/tr\/index.php?rest_route=%2Fwp%2Fv2%2Fcomments&post=34674"}],"version-history":[{"count":0,"href":"https:\/\/archive.sana.sy\/tr\/index.php?rest_route=\/wp\/v2\/posts\/34674\/revisions"}],"wp:featuredmedia":[{"embeddable":true,"href":"https:\/\/archive.sana.sy\/tr\/index.php?rest_route=\/wp\/v2\/media\/34200"}],"wp:attachment":[{"href":"https:\/\/archive.sana.sy\/tr\/index.php?rest_route=%2Fwp%2Fv2%2Fmedia&parent=34674"}],"wp:term":[{"taxonomy":"category","embeddable":true,"href":"https:\/\/archive.sana.sy\/tr\/index.php?rest_route=%2Fwp%2Fv2%2Fcategories&post=34674"},{"taxonomy":"post_tag","embeddable":true,"href":"https:\/\/archive.sana.sy\/tr\/index.php?rest_route=%2Fwp%2Fv2%2Ftags&post=34674"}],"curies":[{"name":"wp","href":"https:\/\/api.w.org\/{rel}","templated":true}]}}