{"id":34676,"date":"2015-05-26T17:46:53","date_gmt":"2015-05-26T14:46:53","guid":{"rendered":"http:\/\/sana.sy\/tr\/?p=34676"},"modified":"2015-05-26T17:46:53","modified_gmt":"2015-05-26T14:46:53","slug":"meyve-tasiyan-ilk-kargo-ucagi-bugun-havalandi","status":"publish","type":"post","link":"https:\/\/archive.sana.sy\/tr\/?p=34676","title":{"rendered":"Meyve Ta\u015f\u0131yan \u0130lk Kargo U\u00e7a\u011f\u0131 Bug\u00fcn Havaland\u0131"},"content":{"rendered":"<p>\u015eAM \u2013 Suriye \u0130hracat\u00e7\u0131lar Birli\u011finde tar\u0131m Mahsulleri Komitesi bug\u00fcn meyve ta\u015f\u0131yan ilk kargo u\u00e7a\u011f\u0131n\u0131 Uluslar aras\u0131 \u015eam Havaliman\u0131ndan Birle\u015fik Arap Emirliklerine g\u00f6nderdi.<\/p>\n<p>Komite Ba\u015fkan\u0131 \u0130yyad Muhammed kargo u\u00e7a\u011f\u0131n\u0131n metninde erik, kiraz ve kay\u0131s\u0131dan ibaret 35 ton ta\u015f\u0131d\u0131\u011f\u0131n\u0131 ifade ederken, bundan sonra her hafta buna benzer en az bir u\u00e7a\u011f\u0131n g\u00f6nderilece\u011fini a\u00e7\u0131klad\u0131.<\/p>\n<p>Muhammed bu ad\u0131m\u0131n kara ge\u00e7itlerinin kapat\u0131lmas\u0131 ard\u0131ndan ihracat\u0131 artt\u0131rma ama\u00e7l\u0131 olarak at\u0131lan ad\u0131mlar kapsam\u0131nda at\u0131ld\u0131\u011f\u0131na i\u015faret etti.<\/p>\n<p>Daha \u00f6nce deniz \u00fczerinden bir dizi ihracat seferinin yap\u0131ld\u0131\u011f\u0131n\u0131 belirten Muhammed; Suriyeli ihracat\u00e7\u0131lar\u0131n Suriye&#8217;nin ter\u00f6re kar\u015f\u0131 m\u00fccadelesini peki\u015ftirme azim ve kararl\u0131klar\u0131n\u0131 yans\u0131tan mesajlar\u0131na dikkat \u00e7ekti.<\/p>\n<p>A.A. &#8211; R.H.<\/p>\n","protected":false},"excerpt":{"rendered":"<p>\u015eAM \u2013 Suriye \u0130hracat\u00e7\u0131lar Birli\u011finde tar\u0131m Mahsulleri Komitesi bug\u00fcn meyve ta\u015f\u0131yan ilk kargo u\u00e7a\u011f\u0131n\u0131 Uluslar aras\u0131 \u015eam Havaliman\u0131ndan Birle\u015fik Arap Emirliklerine g\u00f6nderdi. Komite Ba\u015fkan\u0131 \u0130yyad Muhammed kargo u\u00e7a\u011f\u0131n\u0131n metninde erik, kiraz ve kay\u0131s\u0131dan ibaret 35 ton ta\u015f\u0131d\u0131\u011f\u0131n\u0131 ifade ederken, bundan sonra her hafta buna benzer en az bir u\u00e7a\u011f\u0131n g\u00f6nderilece\u011fini a\u00e7\u0131klad\u0131. Muhammed bu ad\u0131m\u0131n kara &hellip;<\/p>\n","protected":false},"author":1,"featured_media":34677,"comment_status":"closed","ping_status":"closed","sticky":false,"template":"","format":"standard","meta":{"footnotes":""},"categories":[485,486],"tags":[],"class_list":["post-34676","post","type-post","status-publish","format-standard","has-post-thumbnail","","category-is-ve-sermaye","category-haberler-is-ve-sermaye"],"_links":{"self":[{"href":"https:\/\/archive.sana.sy\/tr\/index.php?rest_route=\/wp\/v2\/posts\/34676","targetHints":{"allow":["GET"]}}],"collection":[{"href":"https:\/\/archive.sana.sy\/tr\/index.php?rest_route=\/wp\/v2\/posts"}],"about":[{"href":"https:\/\/archive.sana.sy\/tr\/index.php?rest_route=\/wp\/v2\/types\/post"}],"author":[{"embeddable":true,"href":"https:\/\/archive.sana.sy\/tr\/index.php?rest_route=\/wp\/v2\/users\/1"}],"replies":[{"embeddable":true,"href":"https:\/\/archive.sana.sy\/tr\/index.php?rest_route=%2Fwp%2Fv2%2Fcomments&post=34676"}],"version-history":[{"count":0,"href":"https:\/\/archive.sana.sy\/tr\/index.php?rest_route=\/wp\/v2\/posts\/34676\/revisions"}],"wp:featuredmedia":[{"embeddable":true,"href":"https:\/\/archive.sana.sy\/tr\/index.php?rest_route=\/wp\/v2\/media\/34677"}],"wp:attachment":[{"href":"https:\/\/archive.sana.sy\/tr\/index.php?rest_route=%2Fwp%2Fv2%2Fmedia&parent=34676"}],"wp:term":[{"taxonomy":"category","embeddable":true,"href":"https:\/\/archive.sana.sy\/tr\/index.php?rest_route=%2Fwp%2Fv2%2Fcategories&post=34676"},{"taxonomy":"post_tag","embeddable":true,"href":"https:\/\/archive.sana.sy\/tr\/index.php?rest_route=%2Fwp%2Fv2%2Ftags&post=34676"}],"curies":[{"name":"wp","href":"https:\/\/api.w.org\/{rel}","templated":true}]}}