{"id":3473,"date":"2014-06-19T16:18:50","date_gmt":"2014-06-19T13:18:50","guid":{"rendered":"http:\/\/sanasyria.org\/tr\/?p=3473"},"modified":"2014-06-20T15:43:54","modified_gmt":"2014-06-20T12:43:54","slug":"suriye-ve-halkinin-zaferi-bizim-de-zaferimiz-sayilir","status":"publish","type":"post","link":"https:\/\/archive.sana.sy\/tr\/?p=3473","title":{"rendered":"Suriye ve Halk\u0131n\u0131n Zaferi Bizim De Zaferimiz Say\u0131l\u0131r"},"content":{"rendered":"<p>\u015eAM \u2013 Halk Meclisi Ba\u015fkan\u0131 Muhammed Cihat el Lahham Demokratik Kore Halk Cumhuriyeti D\u0131\u015f \u0130\u015fleri Bakan\u0131 Ri Su Yong ve ona e\u015flik eden heyet ile temaslar\u0131nda Suriye de Demokratik Kore\u2019nin; iki \u00fclke ve halklar\u0131na s\u00f6m\u00fcr\u00fcc\u00fc politikalar\u0131 ve ajandalar\u0131n\u0131 dayatmaya \u00e7al\u0131\u015fan ayn\u0131 d\u00fc\u015fmana kar\u015f\u0131 m\u00fccadele ettiklerini belirtti.<\/p>\n<p>Lahham ba\u015fta ABD ve Bat\u0131l\u0131 devletlerin yan\u0131 s\u0131ra b\u00f6lgedeki kimi devletlerin temelde iddia ettikleri gibi Suriye halk\u0131n\u0131n \u00e7\u0131karlar\u0131n\u0131 savunmad\u0131klar\u0131n\u0131, Suriye&#8217;nin ulusal ekonomisi, altyap\u0131s\u0131 ve hizmet kurumlar\u0131n\u0131 sabote etmek tekfirci ve kiral\u0131k \u00e7okuluslu ter\u00f6r gruplar\u0131na her t\u00fcrl\u00fc deste\u011fi sa\u011flad\u0131klar\u0131na dikkat \u00e7ekti.<\/p>\n<p>Suriye&#8217;de siyasi s\u00fcre\u00e7 ve krize \u00e7\u00f6z\u00fcm \u00e7abalar\u0131n\u0131 s\u00fcrekli olarak baltalayanlar\u0131n ter\u00f6r\u00fc destekleyen bu devletlerin kendileri oldu\u011funu belirten Lahham; \u00e7\u0131kar ve haklar\u0131n\u0131 savunduklar\u0131n\u0131 iddia ettikleri Suriye halk\u0131n\u0131n iradesi ve karar\u0131na sayg\u0131 g\u00f6stermeyi reddettiklerini ifade etti.<\/p>\n<p>Meclis Ba\u015fkan\u0131 Lahham ordunun ulusal duyarl\u0131l\u0131\u011f\u0131 ve kahramanl\u0131\u011f\u0131 ile birlikte halk\u0131n\u0131n vatan sevgisiyle birlik beraberlik i\u00e7inde ordu ve y\u00f6netimiyle kenetle\u015fip tek cephe olu\u015fturmalar\u0131 sayesinde Suriye&#8217;nin b\u00fcy\u00fck zafere do\u011fru kararl\u0131 ve sa\u011flam ad\u0131mlarla ilerledi\u011fini belirtti.<\/p>\n<p>G\u00f6r\u00fc\u015fmede konuk bakan Suriye&#8217;nin y\u00f6netim, ordu ve halk olarak emperyalist g\u00fc\u00e7ler ve \u00e7okuluslu ter\u00f6r gruplar\u0131na kar\u015f\u0131 sa\u011flad\u0131\u011f\u0131 ba\u015far\u0131lar\u0131n, Demokratik Kore halk\u0131n\u0131n da ba\u015far\u0131lar\u0131 say\u0131ld\u0131\u011f\u0131n\u0131 belirtirken iki dost halk\u0131n ayn\u0131 saflarda ayn\u0131 d\u00fc\u015fmana kar\u015f\u0131 m\u00fccadele ettiklerini ifade etti.<\/p>\n<p>Suriye&#8217;ye ziyareti s\u0131ras\u0131nda Bat\u0131l\u0131 medyada \u00f6ne s\u00fcr\u00fclen iddialar\u0131n ne derecede as\u0131ls\u0131z oldu\u011funu net bir \u015fekilde g\u00f6rd\u00fcklerini belirten konuk bakan; temaslar\u0131nda ve saha incelemelerinde Suriye halk\u0131n\u0131n yurtseverli\u011fi, ordusuna ve y\u00f6netimine ba\u011fl\u0131l\u0131\u011f\u0131n\u0131 g\u00f6rmeleriyle bu kararl\u0131 ve azimli halk\u0131n b\u00fcy\u00fck zaferi kazanmas\u0131n\u0131n ka\u00e7\u0131n\u0131l oldu\u011funun alt\u0131n\u0131 \u00e7izdi.<\/p>\n<p><a href=\"http:\/\/sanasyria.org\/tr\/wp-content\/uploads\/2014\/06\/lahham-2.jpg\"><img loading=\"lazy\" decoding=\"async\" class=\"aligncenter wp-image-3475 size-full\" src=\"http:\/\/sanasyria.org\/tr\/wp-content\/uploads\/2014\/06\/lahham-2.jpg\" alt=\"lahham 2\" width=\"620\" height=\"330\" srcset=\"https:\/\/archive.sana.sy\/tr\/wp-content\/uploads\/2014\/06\/lahham-2.jpg 620w, https:\/\/archive.sana.sy\/tr\/wp-content\/uploads\/2014\/06\/lahham-2-150x79.jpg 150w, https:\/\/archive.sana.sy\/tr\/wp-content\/uploads\/2014\/06\/lahham-2-300x160.jpg 300w\" sizes=\"auto, (max-width: 620px) 100vw, 620px\" \/><\/a><\/p>\n<p>&nbsp;<\/p>\n","protected":false},"excerpt":{"rendered":"<p>\u015eAM \u2013 Halk Meclisi Ba\u015fkan\u0131 Muhammed Cihat el Lahham Demokratik Kore Halk Cumhuriyeti D\u0131\u015f \u0130\u015fleri Bakan\u0131 Ri Su Yong ve ona e\u015flik eden heyet ile temaslar\u0131nda Suriye de Demokratik Kore\u2019nin; iki \u00fclke ve halklar\u0131na s\u00f6m\u00fcr\u00fcc\u00fc politikalar\u0131 ve ajandalar\u0131n\u0131 dayatmaya \u00e7al\u0131\u015fan ayn\u0131 d\u00fc\u015fmana kar\u015f\u0131 m\u00fccadele ettiklerini belirtti. Lahham ba\u015fta ABD ve Bat\u0131l\u0131 devletlerin yan\u0131 s\u0131ra b\u00f6lgedeki &hellip;<\/p>\n","protected":false},"author":1,"featured_media":3474,"comment_status":"closed","ping_status":"closed","sticky":false,"template":"","format":"standard","meta":{"footnotes":""},"categories":[479,447,478],"tags":[756],"class_list":["post-3473","post","type-post","status-publish","format-standard","has-post-thumbnail","","category-haberler-yerel","category-politika","category-yerel","tag-suriye-ve-halkinin-zaferi-bizim-de-zaferimiz-sayilir"],"_links":{"self":[{"href":"https:\/\/archive.sana.sy\/tr\/index.php?rest_route=\/wp\/v2\/posts\/3473","targetHints":{"allow":["GET"]}}],"collection":[{"href":"https:\/\/archive.sana.sy\/tr\/index.php?rest_route=\/wp\/v2\/posts"}],"about":[{"href":"https:\/\/archive.sana.sy\/tr\/index.php?rest_route=\/wp\/v2\/types\/post"}],"author":[{"embeddable":true,"href":"https:\/\/archive.sana.sy\/tr\/index.php?rest_route=\/wp\/v2\/users\/1"}],"replies":[{"embeddable":true,"href":"https:\/\/archive.sana.sy\/tr\/index.php?rest_route=%2Fwp%2Fv2%2Fcomments&post=3473"}],"version-history":[{"count":0,"href":"https:\/\/archive.sana.sy\/tr\/index.php?rest_route=\/wp\/v2\/posts\/3473\/revisions"}],"wp:featuredmedia":[{"embeddable":true,"href":"https:\/\/archive.sana.sy\/tr\/index.php?rest_route=\/wp\/v2\/media\/3474"}],"wp:attachment":[{"href":"https:\/\/archive.sana.sy\/tr\/index.php?rest_route=%2Fwp%2Fv2%2Fmedia&parent=3473"}],"wp:term":[{"taxonomy":"category","embeddable":true,"href":"https:\/\/archive.sana.sy\/tr\/index.php?rest_route=%2Fwp%2Fv2%2Fcategories&post=3473"},{"taxonomy":"post_tag","embeddable":true,"href":"https:\/\/archive.sana.sy\/tr\/index.php?rest_route=%2Fwp%2Fv2%2Ftags&post=3473"}],"curies":[{"name":"wp","href":"https:\/\/api.w.org\/{rel}","templated":true}]}}