{"id":34741,"date":"2015-05-27T16:15:45","date_gmt":"2015-05-27T13:15:45","guid":{"rendered":"http:\/\/sana.sy\/tr\/?p=34741"},"modified":"2015-05-28T15:53:28","modified_gmt":"2015-05-28T12:53:28","slug":"suveyda-dera-ve-kirsalinda-nusra-cephesi-teror-orgutunun-agir-kayiplari-suruyor","status":"publish","type":"post","link":"https:\/\/archive.sana.sy\/tr\/?p=34741","title":{"rendered":"Tekfirci ve Hain Ter\u00f6ristler Eleba\u015flar\u0131 ve Cephaneleriyle Etkisizle\u015ftiriliyor"},"content":{"rendered":"<p>\u0130LLER \u2013 \u0130\u015fagalci \u0130srail varl\u0131\u011f\u0131, cani Erdo\u011fan, k\u00f6rfez ve baz\u0131 bat\u0131 rejimleriyle ba\u011flant\u0131l\u0131 eli kanl\u0131 kiral\u0131k tekfiri ter\u00f6r \u00f6rg\u00fctleri muhtelif b\u00f6lgelerde Suriye Arap ordusu \u00f6n\u00fcnde a\u011f\u0131r kay\u0131plar vermeye devam ediyor.<\/p>\n<p><span style=\"color: #0000ff\">\u0130DL\u0130B:<\/span><\/p>\n<p>Askeri kaynak ordu birliklerimizin \u0130dlib iline tabi Cisre\u015f\u015fu\u011fur k\u0131rsal\u0131n\u0131n Tel el M\u0131ntar\u2019\u0131n kuzeyindeki ta\u015focaklar\u0131 b\u00f6lgesinde Erdo\u011fan rejiminin destekledi\u011fi Nusra Cephesinin bir karargah\u0131n\u0131 i\u00e7indeki cephane ve t\u00fcm ter\u00f6ristlerle birlikte imha ettiklerini aktard\u0131.<\/p>\n<p><span style=\"color: #0000ff\">DERA:<\/span><\/p>\n<p>Ordu birliklerimiz Dera ve k\u0131rsal\u0131nda \u00dcrd\u00fcn ve i\u015fgalci \u0130srail ile ba\u011flant\u0131l\u0131 Nusra Cephesi ve \u00e7at\u0131s\u0131 alt\u0131ndaki di\u011fer tekfiri \u00f6rg\u00fct ter\u00f6ristlerini say\u0131 ve te\u00e7hizat bak\u0131m\u0131ndan a\u011f\u0131r kay\u0131plara u\u011fratt\u0131.<\/p>\n<p>Askeri kaynak, ordu birliklerimizin gelen ayr\u0131nt\u0131l\u0131 bilgiler dahilinde Dera kuzey k\u0131rsal\u0131 Etman Beldesinin bat\u0131s\u0131nda ter\u00f6rist \u00f6rg\u00fctlerin hareketlenmelerine y\u00f6nelik ba\u015far\u0131l\u0131 operasyon sonucunda bir araca ilaveten silah ve cephaneyle birlikte bir\u00e7ok ter\u00f6risti imha ettiklerini belirtti.<\/p>\n<p>Kaynak, ordu birliklerimizin Dera k\u0131rsal\u0131 Etman Beldesinin bat\u0131s\u0131 ve Dera Beled Semtindeki el Kerak Hapishanesinin g\u00fcneyinde uluslararas\u0131 ter\u00f6r listesinde yer alan Nusra Cephesi ter\u00f6r \u00f6rg\u00fct\u00fcne y\u00f6nelik d\u00fczenledi\u011fi ba\u015far\u0131l\u0131 operasyon sonucunda \u00e7ok say\u0131da ter\u00f6risti \u00f6l\u00fc ve yaral\u0131 d\u00fc\u015f\u00fcrd\u00fcklerini, ellerindeki silah ve cephaneyi de imha ettiklerini s\u00f6yledi.<\/p>\n<p>Kaynak, birliklerimizin Dera k\u0131rsal\u0131 el Fukey\u2019 Barikat\u0131 yak\u0131nlar\u0131, el Faruk Mezras\u0131 ve Mleyhat el Ata\u015f da Nusra Cephesinden 30 ter\u00f6risti \u00f6ld\u00fcrd\u00fcklerini, i\u00e7indekilerle birlikte bir z\u0131rhl\u0131 ara\u00e7lar\u0131n\u0131 da imha ettiklerini s\u00f6yledi.<\/p>\n<p>Bu arada tekfiri ter\u00f6r \u00f6rg\u00fctleri sosyal medyalar\u0131nda aralar\u0131nda Ata Ahmet Ata el Bedevi\u2019nin de bulundu\u011fu baz\u0131 elemanlar\u0131n\u0131n \u00f6l\u00fc d\u00fc\u015ft\u00fcklerini itiraf etti.<\/p>\n<p><span style=\"color: #0000ff\">S\u00dcVEYDA:<\/span><\/p>\n<p>S\u00fcveyda k\u0131rsal\u0131n\u0131n kuzeydo\u011fusunda ise ordu birliklerimiz uluslararas\u0131 ter\u00f6r listesinde yer alan I\u015e\u0130D ter\u00f6r \u00f6rg\u00fct\u00fcn\u00fcn toplanma merkezleri ve hareketlenmelerine y\u00f6nelik yo\u011fun operasyonlar ge\u00e7ekle\u015ftirdi.<\/p>\n<p>Askeri kaynak, birliklerimizin Kasr K\u00f6y\u00fcn\u00fcn kuzeydo\u011fusunda yer alan Recm el Devle K\u00f6y\u00fcndeki I\u015e\u0130D mevzilerini yo\u011fun ate\u015fe tutmalar\u0131 ard\u0131ndan \u00e7ok say\u0131da I\u015e\u0130D ter\u00f6ristini \u00f6l\u00fc ve yaral\u0131 d\u00fc\u015f\u00fcrd\u00fcklerini ifade etti.<\/p>\n<p>Kaynak, operasyonun belirlenen hedeflerini ger\u00e7ekle\u015ftirdi\u011fini operasyonlar s\u0131ras\u0131nda a\u015f\u0131r\u0131 dinci \u00f6rg\u00fct ter\u00f6ristleri elindeki muhtelif t\u00fcr silah ve cephanenin de imha edildi\u011fini belirtti.<\/p>\n<p><span style=\"color: #0000ff\">LAZK\u0130YE:<\/span><\/p>\n<p>Lazkiye kuzey k\u0131rsal\u0131nda, katil\u00a0Erdo\u011fan rejimi taraf\u0131ndan lojistik ve istihbarat destekli ter\u00f6rist \u00f6rg\u00fctlerin yuva ve toplanma merkezlerine y\u00f6nelik operasyonlar\u0131n\u0131 s\u00fcrd\u00fcren ordu birliklerimizden bir\u00a0kaynak, \u0130do K\u00f6y\u00fc, Kensabba Beldesi ve el Nevbe Da\u011f\u0131nda Nusra Cephesi ter\u00f6r \u00f6rg\u00fct\u00fc komutas\u0131 alt\u0131ndaki tekfiri ter\u00f6r \u00f6rg\u00fctlere ait ara\u00e7 ve havan rampalar\u0131n\u0131n imha edildi\u011fini belirtti.\u00a0Kaynak, tank toplar\u0131n\u0131n hedeflere direk olarak isabet etmesi sonucunda Suriye halk\u0131na d\u00fc\u015fman rejimlerce finanse edilen \u00e7ok say\u0131da tekfiri ter\u00f6ristin \u00f6ld\u00fcr\u00fcld\u00fc\u011f\u00fcn\u00fc aktard\u0131. Ayn\u0131 zamanda a\u011f\u0131r silahlar\u0131n monte edildi\u011fi bir\u00e7ok araca ilaveten havan rampalar\u0131n\u0131n da imha edildi\u011fini s\u00f6yledi.<\/p>\n<p>Bu arada Lazkiye k\u0131rsal\u0131n\u0131n kuzeyinde Nusra Cephesi yan\u0131 s\u0131ra s\u00f6zde \u201cAhrar el Sahil Alay\u0131\u201d ve \u201cSultan Abdulhamit Alay\u0131\u201d adl\u0131 ter\u00f6r \u00f6rg\u00fctlerden ter\u00f6ristler yay\u0131l\u0131p T\u00fcrkiye&#8217;deki Erdo\u011fan rejimiyle koordinasyon i\u00e7inde halka kar\u015f\u0131 katliamlarda bulunma ve sivil yerle\u015fim alanlar\u0131n\u0131 f\u00fczelerle hedef alma operasyonlar\u0131nda bulunuyor. Geneli yabanc\u0131 olan bu ter\u00f6ristlerin b\u00fcy\u00fck \u00e7o\u011funlu\u011fu T\u00fcrkiye s\u0131n\u0131rlar\u0131 \u00fczerinden Suriyeye giriyor.<\/p>\n<p><span style=\"color: #0000ff\">\u015eAM KIRSALI :<\/span><\/p>\n<p>Di\u011fer yandan askeri kaynak ordu birliklerimizin \u015eam k\u0131rsal\u0131n\u0131n g\u00fcneybat\u0131s\u0131 H\u00fcseyniye ve Han el \u015eiyh Mezralar\u0131nda aralar\u0131nda bir keskin ni\u015fanc\u0131n\u0131n bulundu\u011fu Nusra Cepheli bir\u00e7ok ter\u00f6risti \u00f6ld\u00fcrd\u00fcklerini s\u00f6yledi.<\/p>\n<p>\u015eam k\u0131rsal\u0131 Kalemun B\u00f6lgesinin Flayta Da\u011flar\u0131nda L\u00fcbnan direni\u015fi ile i\u015fbirli\u011fi i\u00e7inde tekfirci ve hain ter\u00f6ristlere y\u00f6nelik operasyonlar\u0131n\u0131 s\u00fcrd\u00fcren ordu birliklerimiz, ter\u00f6ristlerin iki arac\u0131n\u0131 ta\u015f\u0131d\u0131klar\u0131 ter\u00f6rist ve cephaneyle birlikte tamamen imha etti.<\/p>\n<p>Bu arada L\u00fcbnan direni\u015f g\u00fc\u00e7leri bug\u00fcn sabah saatlerinde L\u00fcbnan&#8217;\u0131n Kalemun B\u00f6lgesi s\u0131n\u0131rlar\u0131na d\u00fc\u015fen Ersal B\u00f6lgesinde Nusra Cephesinin direni\u015f mevkilerini hedef almak i\u00e7in haz\u0131rlad\u0131\u011f\u0131 iki bombal\u0131 arac\u0131 hedefe ula\u015fmadan \u00f6nce imha etmi\u015flerdi.<\/p>\n<p>A.A. &#8211; S.\u015e. &#8211; R.H.<\/p>\n","protected":false},"excerpt":{"rendered":"<p>\u0130LLER \u2013 \u0130\u015fagalci \u0130srail varl\u0131\u011f\u0131, cani Erdo\u011fan, k\u00f6rfez ve baz\u0131 bat\u0131 rejimleriyle ba\u011flant\u0131l\u0131 eli kanl\u0131 kiral\u0131k tekfiri ter\u00f6r \u00f6rg\u00fctleri muhtelif b\u00f6lgelerde Suriye Arap ordusu \u00f6n\u00fcnde a\u011f\u0131r kay\u0131plar vermeye devam ediyor. \u0130DL\u0130B: Askeri kaynak ordu birliklerimizin \u0130dlib iline tabi Cisre\u015f\u015fu\u011fur k\u0131rsal\u0131n\u0131n Tel el M\u0131ntar\u2019\u0131n kuzeyindeki ta\u015focaklar\u0131 b\u00f6lgesinde Erdo\u011fan rejiminin destekledi\u011fi Nusra Cephesinin bir karargah\u0131n\u0131 i\u00e7indeki cephane &hellip;<\/p>\n","protected":false},"author":1,"featured_media":34743,"comment_status":"closed","ping_status":"closed","sticky":false,"template":"","format":"standard","meta":{"footnotes":""},"categories":[575],"tags":[14818,13862],"class_list":["post-34741","post","type-post","status-publish","format-standard","has-post-thumbnail","","category-olaylar-ve-gercekler","tag-dera-ve-kirsalinda-nusra-cephesi-teror-orgutunun-agir-kayiplari-suruyor","tag-suveyda"],"_links":{"self":[{"href":"https:\/\/archive.sana.sy\/tr\/index.php?rest_route=\/wp\/v2\/posts\/34741","targetHints":{"allow":["GET"]}}],"collection":[{"href":"https:\/\/archive.sana.sy\/tr\/index.php?rest_route=\/wp\/v2\/posts"}],"about":[{"href":"https:\/\/archive.sana.sy\/tr\/index.php?rest_route=\/wp\/v2\/types\/post"}],"author":[{"embeddable":true,"href":"https:\/\/archive.sana.sy\/tr\/index.php?rest_route=\/wp\/v2\/users\/1"}],"replies":[{"embeddable":true,"href":"https:\/\/archive.sana.sy\/tr\/index.php?rest_route=%2Fwp%2Fv2%2Fcomments&post=34741"}],"version-history":[{"count":0,"href":"https:\/\/archive.sana.sy\/tr\/index.php?rest_route=\/wp\/v2\/posts\/34741\/revisions"}],"wp:featuredmedia":[{"embeddable":true,"href":"https:\/\/archive.sana.sy\/tr\/index.php?rest_route=\/wp\/v2\/media\/34743"}],"wp:attachment":[{"href":"https:\/\/archive.sana.sy\/tr\/index.php?rest_route=%2Fwp%2Fv2%2Fmedia&parent=34741"}],"wp:term":[{"taxonomy":"category","embeddable":true,"href":"https:\/\/archive.sana.sy\/tr\/index.php?rest_route=%2Fwp%2Fv2%2Fcategories&post=34741"},{"taxonomy":"post_tag","embeddable":true,"href":"https:\/\/archive.sana.sy\/tr\/index.php?rest_route=%2Fwp%2Fv2%2Ftags&post=34741"}],"curies":[{"name":"wp","href":"https:\/\/api.w.org\/{rel}","templated":true}]}}